{"id":153231,"date":"2022-07-23T10:04:22","date_gmt":"2022-07-23T14:04:22","guid":{"rendered":"https:\/\/linitiative.ca\/International\/automobile-le-secteur-fait-rayonner-le-made-in-morocco\/"},"modified":"2022-07-23T10:04:22","modified_gmt":"2022-07-23T14:04:22","slug":"automobile-le-secteur-fait-rayonner-le-made-in-morocco","status":"publish","type":"post","link":"https:\/\/linitiative.ca\/International\/automobile-le-secteur-fait-rayonner-le-made-in-morocco\/","title":{"rendered":"Automobile: Le secteur fait rayonner \u00ab\u00a0le Made In Morocco\u00a0\u00bb"},"content":{"rendered":"<div>\n<div style=\"margin-bottom:20px;\"><img loading=\"lazy\" decoding=\"async\" width=\"750\" height=\"430\" src=\"https:\/\/linitiative.ca\/International\/wp-content\/uploads\/sites\/23\/2022\/07\/mohamed-bachiri-copier.jpg\" class=\"attachment-post-thumbnail size-post-thumbnail wp-post-image\" alt=\"\" srcset=\"https:\/\/linitiative.ca\/International\/wp-content\/uploads\/sites\/23\/2022\/07\/mohamed-bachiri-copier.jpg 750w, https:\/\/www.mapmarrakech.ma\/map\/uploads\/2022\/07\/mohamed-bachiri-copier-300x172.jpg 300w\" sizes=\"auto, (max-width: 750px) 100vw, 750px\"><\/div>\n<p>M. Bachiri, qui intervenait lors d\u2019un panel intitul\u00e9: \u00ab\u00a0Une plus grande int\u00e9gration de l\u2019industrie automobile africaine\u00a0\u00bb, initi\u00e9 dans le cadre de la 14\u00e8me \u00e9dition du Sommet des affaires \u00c9tats-Unis-Afrique, a mis en lumi\u00e8re l\u2019exp\u00e9rience tr\u00e8s r\u00e9ussie du Maroc dans ce secteur, devenu le premier exportateur au Maroc et le deuxi\u00e8me en termes d\u2019emploi, faisant ainsi rayonner \u00ab\u00a0le Made In Morocco\u00a0\u00bb dans plus de 60 destinations.<\/p>\n<p>Selon lui, l\u2019automobile, un des secteurs cl\u00e9s sur lesquels mise le Plan d\u2019acc\u00e9l\u00e9ration Industrielle (PAI), pr\u00e9sente une v\u00e9ritable \u00ab\u00a0success story\u00a0\u00bb qui a b\u00e9n\u00e9fici\u00e9 largement de l\u2019attrait des manufacturiers pour de telles zones, \u00e9rigeant le Royaume en un hub incontournable de l\u2019industrie automobile.<\/p>\n<p>Rappelant que le groupe Renault Maroc a pris une nouvelle dimension dans le Royaume avec les accords \u00c9cosyst\u00e8me en 2016 et en 2021, qui ont confort\u00e9 le r\u00f4le du groupe en tant que locomotive de la fili\u00e8re automobile marocaine, M. Bachiri a pr\u00e9cis\u00e9 qu\u2019avec l\u2019industrialisation de nouveaux mod\u00e8les de v\u00e9hicules au Maroc, le secteur automobile marocain entre \u00e0 pas s\u00fbrs dans une nouvelle \u00e8re de son histoire marqu\u00e9e par la mont\u00e9e en puissance des comp\u00e9tences, de la technologie et de la d\u00e9carbonation.<\/p>\n<p>S\u2019attardant sur les objectifs escompt\u00e9s, M. Bachiri a fait savoir que le groupe s\u2019engage \u00e0 atteindre 2,5 milliards d\u2019euros, soit 26,45 milliards de dirhams (MMDH) de chiffres d\u2019affaires en sourcing local d\u00e8s 2025 et \u00e0 terme une cible de 3 milliards d\u2019euros de chiffres d\u2019affaires et 80% d\u2019int\u00e9gration locale.<\/p>\n<p>Et de rappeler le d\u00e9veloppement de nouveaux projets de v\u00e9hicules qui incluront progressivement les technologies d\u2019\u00e9lectrification et contribueront par ricochet \u00e0 la mont\u00e9e en puissance et \u00e0 la valorisation de la fili\u00e8re industrielle automobile.<\/p>\n<p>Plac\u00e9 sous le Haut Patronage de Sa Majest\u00e9 le Roi Mohammed VI, le 14\u00e8me Sommet d\u2019affaires USA-Afrique connait la participation notamment, d\u2019une importante d\u00e9l\u00e9gation gouvernementale am\u00e9ricaine, des ministres africains et des d\u00e9cideurs des plus grandes multinationales am\u00e9ricaines et des milieux d\u2019affaires africains.<\/p>\n<p>Offrant l\u2019occasion d\u2019\u00e9tablir des partenariats d\u2019affaires tripartites USA-Maroc-Afrique orient\u00e9s vers l\u2019avenir, ce Sommet repr\u00e9sente aussi une opportunit\u00e9 de consolider le positionnement strat\u00e9gique du Maroc, seul pays africain ayant conclu un accord de libre-\u00e9change avec les \u00c9tats-Unis, en tant que hub pour l\u2019Afrique et partenaire \u00e9conomique de r\u00e9f\u00e9rence pour les USA.<\/p>\n<p>The post <a rel=\"nofollow\" href=\"https:\/\/www.mapmarrakech.ma\/fr\/automobile-le-secteur-fait-rayonner-le-made-in-morocco\/\">Automobile: Le secteur fait rayonner \u00ab\u00a0le Made In Morocco\u00a0\u00bb<\/a> appeared first on <a rel=\"nofollow\" href=\"https:\/\/www.mapmarrakech.ma\/fr\">MapMarrakech<\/a>.<\/p>\n<\/div>\n<p>Auteur: Meriem IGASS<br \/>\n<a href=\"https:\/\/www.mapmarrakech.ma\/fr\/automobile-le-secteur-fait-rayonner-le-made-in-morocco\/\">Cliquez ici pour lire l&rsquo;article depuis sa source.<\/a><\/p>\n","protected":false},"excerpt":{"rendered":"<p>M. Bachiri, qui intervenait lors d\u2019un panel intitul\u00e9: \u00ab\u00a0Une plus grande int\u00e9gration de l\u2019industrie automobile africaine\u00a0\u00bb, initi\u00e9 dans le cadre de la 14\u00e8me \u00e9dition du Sommet des affaires \u00c9tats-Unis-Afrique, a mis en lumi\u00e8re l\u2019exp\u00e9rience tr\u00e8s r\u00e9ussie du Maroc dans ce secteur, devenu le premier exportateur au Maroc et le deuxi\u00e8me en termes d\u2019emploi, faisant ainsi [&hellip;]<\/p>\n","protected":false},"author":1788,"featured_media":0,"comment_status":"closed","ping_status":"closed","sticky":false,"template":"","format":"standard","meta":{"fifu_image_url":"https:\/\/www.mapmarrakech.ma\/map\/uploads\/2022\/07\/mohamed-bachiri-copier.jpg","fifu_image_alt":"Automobile: Le secteur fait rayonner \u00ab\u00a0le Made In Morocco\u00a0\u00bb","footnotes":""},"categories":[54,76],"tags":[],"class_list":["post-153231","post","type-post","status-publish","format-standard","hentry","category-maroc","category-regions"],"_links":{"self":[{"href":"https:\/\/linitiative.ca\/International\/wp-json\/wp\/v2\/posts\/153231","targetHints":{"allow":["GET"]}}],"collection":[{"href":"https:\/\/linitiative.ca\/International\/wp-json\/wp\/v2\/posts"}],"about":[{"href":"https:\/\/linitiative.ca\/International\/wp-json\/wp\/v2\/types\/post"}],"author":[{"embeddable":true,"href":"https:\/\/linitiative.ca\/International\/wp-json\/wp\/v2\/users\/1788"}],"replies":[{"embeddable":true,"href":"https:\/\/linitiative.ca\/International\/wp-json\/wp\/v2\/comments?post=153231"}],"version-history":[{"count":0,"href":"https:\/\/linitiative.ca\/International\/wp-json\/wp\/v2\/posts\/153231\/revisions"}],"wp:attachment":[{"href":"https:\/\/linitiative.ca\/International\/wp-json\/wp\/v2\/media?parent=153231"}],"wp:term":[{"taxonomy":"category","embeddable":true,"href":"https:\/\/linitiative.ca\/International\/wp-json\/wp\/v2\/categories?post=153231"},{"taxonomy":"post_tag","embeddable":true,"href":"https:\/\/linitiative.ca\/International\/wp-json\/wp\/v2\/tags?post=153231"}],"curies":[{"name":"wp","href":"https:\/\/api.w.org\/{rel}","templated":true}]}}