{"id":153233,"date":"2022-07-23T10:09:08","date_gmt":"2022-07-23T14:09:08","guid":{"rendered":"https:\/\/linitiative.ca\/International\/automobile-m-kyerematen-salue-les-efforts-du-maroc-pour-le-developpement-du-secteur\/"},"modified":"2022-07-23T10:09:08","modified_gmt":"2022-07-23T14:09:08","slug":"automobile-m-kyerematen-salue-les-efforts-du-maroc-pour-le-developpement-du-secteur","status":"publish","type":"post","link":"https:\/\/linitiative.ca\/International\/automobile-m-kyerematen-salue-les-efforts-du-maroc-pour-le-developpement-du-secteur\/","title":{"rendered":"Automobile : M. Kyerematen salue les efforts du Maroc pour le d\u00e9veloppement du secteur"},"content":{"rendered":"<div>\n<div style=\"margin-bottom:20px;\"><img loading=\"lazy\" decoding=\"async\" width=\"750\" height=\"430\" src=\"https:\/\/linitiative.ca\/International\/wp-content\/uploads\/sites\/23\/2022\/07\/keyrematen-copier.jpg\" class=\"attachment-post-thumbnail size-post-thumbnail wp-post-image\" alt=\"\" srcset=\"https:\/\/linitiative.ca\/International\/wp-content\/uploads\/sites\/23\/2022\/07\/keyrematen-copier.jpg 750w, https:\/\/www.mapmarrakech.ma\/map\/uploads\/2022\/07\/keyrematen-copier-300x172.jpg 300w\" sizes=\"auto, (max-width: 750px) 100vw, 750px\"><\/div>\n<p>\u00ab\u00a0Aujourd\u2019hui, le Royaume du Maroc \u0153uvre avec les plus grandes multinationales du secteur automobile et cela constitue un exploit non seulement pour le Maroc, mais pour tout le continent africain\u00a0\u00bb, a-t-il fait valoir, lors d\u2019un panel intitul\u00e9: \u00ab\u00a0Une plus grande int\u00e9gration de l\u2019industrie automobile africaine\u00a0\u00bb, initi\u00e9 dans le cadre de la 14\u00e8me \u00e9dition du Sommet des affaires \u00c9tats-Unis-Afrique.<\/p>\n<p>Il a, dans ce m\u00eame contexte, affirm\u00e9 que le Royaume, fort d\u2019une base automobile en pleine croissance ainsi que de sa proximit\u00e9 et son acc\u00e8s facile au march\u00e9 europ\u00e9en, attire davantage de constructeurs et de fournisseurs automobiles pour s\u2019y installer.<\/p>\n<p>Revenant sur l\u2019exp\u00e9rience ghan\u00e9enne, le ministre a not\u00e9 que si le pays arrive aujourd\u2019hui \u00e0 toucher les plus importantes compagnies du secteur automobile, c\u2019est surtout gr\u00e2ce \u00e0 sa politique fiscale \u00ab\u00a0attrayante\u00a0\u00bb, avant de mettre l\u2019accent sur sa politique de d\u00e9veloppement automobile, ax\u00e9e sur 10 piliers et visant \u00e0 faire du Ghana un v\u00e9ritable hub industriel pleinement \u00ab\u00a0int\u00e9gr\u00e9 et comp\u00e9titif\u00a0\u00bb.<\/p>\n<p>Il a, dans le m\u00eame sillage, expliqu\u00e9 que la mise en place de la Zone de libre-\u00e9change continentale africaine (Zlecaf) est \u00e9galement per\u00e7ue comme un avantage pour l\u2019industrie automobile du Ghana, notamment pour l\u2019exportation de v\u00e9hicules assembl\u00e9s localement vers les pays voisins moyennant des tarifs douaniers r\u00e9duits.<\/p>\n<p>Et de poursuivre que l\u2019implantation des constructions \u00e9trangers, s\u2019explique aussi, par l\u2019opportunit\u00e9 qu\u2019offre le march\u00e9 ghan\u00e9en qui permet d\u2019acc\u00e9der au march\u00e9 de la Communaut\u00e9 \u00e9conomique des \u00c9tats de l\u2019Afrique de l\u2019Ouest (CEDEAO), soit un march\u00e9 \u00e0 fort potentiel ou encore gr\u00e2ce \u00e0 ses incitations fiscales tr\u00e8s avantageuses aux constructeurs qui s\u2019implantent.<\/p>\n<p>Plac\u00e9 sous le Haut Patronage de Sa Majest\u00e9 le Roi Mohammed VI, le 14\u00e8me Sommet d\u2019affaires USA-Afrique connait la participation notamment, d\u2019une importante d\u00e9l\u00e9gation gouvernementale am\u00e9ricaine, des ministres africains et des d\u00e9cideurs des plus grandes multinationales am\u00e9ricaines et des milieux d\u2019affaires africains.<\/p>\n<p>Offrant l\u2019occasion d\u2019\u00e9tablir des partenariats d\u2019affaires tripartites USA-Maroc-Afrique orient\u00e9s vers l\u2019avenir, ce Sommet repr\u00e9sente aussi une opportunit\u00e9 de consolider le positionnement strat\u00e9gique du Maroc, seul pays africain ayant conclu un accord de libre-\u00e9change avec les \u00c9tats-Unis, en tant que hub pour l\u2019Afrique et partenaire \u00e9conomique de r\u00e9f\u00e9rence pour les USA.<\/p>\n<p>The post <a rel=\"nofollow\" href=\"https:\/\/www.mapmarrakech.ma\/fr\/automobile-m-kyerematen-salue-les-efforts-du-maroc-pour-le-developpement-du-secteur\/\">Automobile : M. Kyerematen salue les efforts du Maroc pour le d\u00e9veloppement du secteur<\/a> appeared first on <a rel=\"nofollow\" href=\"https:\/\/www.mapmarrakech.ma\/fr\">MapMarrakech<\/a>.<\/p>\n<\/div>\n<p>Auteur: Meriem IGASS<br \/>\n<a href=\"https:\/\/www.mapmarrakech.ma\/fr\/automobile-m-kyerematen-salue-les-efforts-du-maroc-pour-le-developpement-du-secteur\/\">Cliquez ici pour lire l&rsquo;article depuis sa source.<\/a><\/p>\n","protected":false},"excerpt":{"rendered":"<p>\u00ab\u00a0Aujourd\u2019hui, le Royaume du Maroc \u0153uvre avec les plus grandes multinationales du secteur automobile et cela constitue un exploit non seulement pour le Maroc, mais pour tout le continent africain\u00a0\u00bb, a-t-il fait valoir, lors d\u2019un panel intitul\u00e9: \u00ab\u00a0Une plus grande int\u00e9gration de l\u2019industrie automobile africaine\u00a0\u00bb, initi\u00e9 dans le cadre de la 14\u00e8me \u00e9dition du Sommet [&hellip;]<\/p>\n","protected":false},"author":1788,"featured_media":0,"comment_status":"closed","ping_status":"closed","sticky":false,"template":"","format":"standard","meta":{"fifu_image_url":"https:\/\/www.mapmarrakech.ma\/map\/uploads\/2022\/07\/keyrematen-copier.jpg","fifu_image_alt":"Automobile : M. Kyerematen salue les efforts du Maroc pour le d\u00e9veloppement du secteur","footnotes":""},"categories":[54,76],"tags":[],"class_list":["post-153233","post","type-post","status-publish","format-standard","hentry","category-maroc","category-regions"],"_links":{"self":[{"href":"https:\/\/linitiative.ca\/International\/wp-json\/wp\/v2\/posts\/153233","targetHints":{"allow":["GET"]}}],"collection":[{"href":"https:\/\/linitiative.ca\/International\/wp-json\/wp\/v2\/posts"}],"about":[{"href":"https:\/\/linitiative.ca\/International\/wp-json\/wp\/v2\/types\/post"}],"author":[{"embeddable":true,"href":"https:\/\/linitiative.ca\/International\/wp-json\/wp\/v2\/users\/1788"}],"replies":[{"embeddable":true,"href":"https:\/\/linitiative.ca\/International\/wp-json\/wp\/v2\/comments?post=153233"}],"version-history":[{"count":0,"href":"https:\/\/linitiative.ca\/International\/wp-json\/wp\/v2\/posts\/153233\/revisions"}],"wp:attachment":[{"href":"https:\/\/linitiative.ca\/International\/wp-json\/wp\/v2\/media?parent=153233"}],"wp:term":[{"taxonomy":"category","embeddable":true,"href":"https:\/\/linitiative.ca\/International\/wp-json\/wp\/v2\/categories?post=153233"},{"taxonomy":"post_tag","embeddable":true,"href":"https:\/\/linitiative.ca\/International\/wp-json\/wp\/v2\/tags?post=153233"}],"curies":[{"name":"wp","href":"https:\/\/api.w.org\/{rel}","templated":true}]}}