{"id":153237,"date":"2022-07-23T13:04:28","date_gmt":"2022-07-23T17:04:28","guid":{"rendered":"https:\/\/linitiative.ca\/International\/lactivite-touristique-reprend-ses-couleurs\/"},"modified":"2022-07-23T13:04:28","modified_gmt":"2022-07-23T17:04:28","slug":"lactivite-touristique-reprend-ses-couleurs","status":"publish","type":"post","link":"https:\/\/linitiative.ca\/International\/lactivite-touristique-reprend-ses-couleurs\/","title":{"rendered":"L\u2019activit\u00e9 touristique reprend ses couleurs"},"content":{"rendered":"<div>\n<div style=\"margin-bottom:20px;\"><img loading=\"lazy\" decoding=\"async\" width=\"750\" height=\"430\" src=\"https:\/\/linitiative.ca\/International\/wp-content\/uploads\/sites\/23\/2022\/07\/Essaouira-tourisme-copier-1.jpg\" class=\"attachment-post-thumbnail size-post-thumbnail wp-post-image\" alt=\"\" srcset=\"https:\/\/linitiative.ca\/International\/wp-content\/uploads\/sites\/23\/2022\/07\/Essaouira-tourisme-copier-1.jpg 750w, https:\/\/www.mapmarrakech.ma\/map\/uploads\/2021\/12\/Essaouira-tourisme-copier-1-300x172.jpg 300w\" sizes=\"auto, (max-width: 750px) 100vw, 750px\"><\/div>\n<div>\n<p>En effet, la Cit\u00e9 des Aliz\u00e9s vient de vivre au cours des deux derniers mois au rythme d\u2019une\u00a0multitude de manifestations\u00a0et d\u2019\u00e9v\u00e8nements \u00e9clectiques, \u00e0 leur t\u00eate le \u00ab\u00a0Gnaoua Festival Tour\u00a0\u00bb, ayant\u00a0enregistr\u00e9 une tr\u00e8s grande affluence,\u00a0illustrant ainsi de mani\u00e8re \u00e9loquente cette relance\u00a0s\u00fbre et soutenue de l\u2019activit\u00e9 touristique et confortant\u00a0le positionnement d\u2019Essaouira comme destination culturelle, artistique et du savoir par excellence.<\/p>\n<p>Cette reprise n\u2019est pas le fruit du hasard, mais d\u2019innombrables efforts concert\u00e9s de plusieurs\u00a0acteurs locaux et parties prenantes, qui ont travaill\u00e9 d\u2019arrache-pied, dans le cadre d\u2019une approche participative, pour que cette Cit\u00e9 mill\u00e9naire retrouve la place qui lui \u00e9choit sur l\u2019\u00e9chiquier du tourisme national et international.<\/p>\n<p>Dans une d\u00e9claration \u00e0 M24, la cha\u00eene t\u00e9l\u00e9vis\u00e9e d\u2019information en continu de la MAP, le d\u00e9l\u00e9gu\u00e9 provincial du minist\u00e8re du tourisme, Youn\u00e8s Dbibirha, a expliqu\u00e9 que cette relance a commenc\u00e9 \u00e0 se ressentir d\u00e8s l\u2019annonce de la d\u00e9cision des autorit\u00e9s publiques de rouvrir les fronti\u00e8res le 7 f\u00e9vrier dernier, ajoutant que l\u2019activit\u00e9 touristique a commenc\u00e9 \u00e0 reprendre ses couleurs, lentement mais s\u00fbrement, d\u00e8s le mois d\u2019avril dernier.<\/p>\n<p>Il a, dans la foul\u00e9e, relev\u00e9 que d\u00e8s le mois de mai, les performances r\u00e9alis\u00e9es en 2019 ont \u00e9t\u00e9 d\u00e9pass\u00e9es, notant qu\u2019au cours de cette p\u00e9riode estivale, la d\u00e9l\u00e9gation provinciale proc\u00e8de \u00e0 un suivi permanent des indicateurs touristiques aupr\u00e8s des \u00e9tablissements d\u2019h\u00e9bergement class\u00e9s au niveau de la province.<\/p>\n<p>Et le responsable de faire savoir que ces unit\u00e9s ont enregistr\u00e9, en fin de semaine derni\u00e8re, un taux d\u2019occupation de plus de 70%, relevant que certains \u00e9tablissements ont m\u00eame affich\u00e9 complets.<\/p>\n<p>M. Dbibirha a, d\u2019autre part, indiqu\u00e9 que la d\u00e9l\u00e9gation provinciale veille, en \u00e9troite collaboration avec les autorit\u00e9s comp\u00e9tentes, au contr\u00f4le et \u00e0 l\u2019organisation de campagnes de sensibilisation afin de garantir un accueil dans les meilleures conditions des visiteurs aussi bien marocains qu\u2019\u00e9trangers.<\/p>\n<p>Il a, dans ce sillage, rappel\u00e9 les mesures de soutien prises par le d\u00e9partement de tutelle en faveur des \u00e9tablissements d\u2019h\u00e9bergement dans le cadre du plan de relance, mettant en avant l\u2019adh\u00e9sion de certains \u00e9tablissements au niveau de la province \u00e0 ce plan qui leur permettra de se conformer aux normes et de mieux se positionner.<\/p>\n<p>Le responsable a, en outre, not\u00e9 que\u00a0la ville d\u2019Essaouira est devenue, en mai dernier, la premi\u00e8re destination du Maroc et du Continent africain labellis\u00e9e \u00ab\u00a0Creative\u00a0Friendly\u00a0\u00bb.<\/p>\n<p>Cette inscription de la Cit\u00e9 des Aliz\u00e9s sur le\u00a0\u00ab\u00a0Creative\u00a0Tourism Network\u00a0\u00bb (CTN), vient\u00a0favoriser un cadre propice \u00e0 la collaboration des acteurs locaux pour co-cr\u00e9er des exp\u00e9riences de tourisme\u00a0cr\u00e9atif\u00a0qui r\u00e9pondent \u00e0 la demande des nouvelles g\u00e9n\u00e9rations de voyageurs, en qu\u00eate d\u2019authenticit\u00e9 et de valeurs humaines, et qui permettent \u00e0 la fois, de cr\u00e9er un \u00e9cosyst\u00e8me entre artistes, artisans, industries\u00a0cr\u00e9atives, secteurs du tourisme et de l\u2019h\u00f4tellerie, et bien s\u00fbr, la population souirie.<\/p>\n<p>Et de poursuivre que la d\u00e9l\u00e9gation provinciale \u0153uvre, en \u00e9troite collaboration avec le Conseil Provincial du Tourisme (CPT), \u00e0 repenser la strat\u00e9gie de commercialisation et de communication pour une meilleure promotion des produits et offres touristiques.<\/p>\n<p>Il a, par ailleurs, soulign\u00e9 que dans le cadre du Programme compl\u00e9mentaire de r\u00e9habilitation et de mise en valeur de l\u2019ancienne m\u00e9dina d\u2019Essaouira (2019-2023), le minist\u00e8re de tutelle contribue au financement de plusieurs projets \u00e0 m\u00eame de donner un nouvel \u00e9lan \u00e0 l\u2019activit\u00e9 touristique dans la Cit\u00e9 des Aliz\u00e9s, citant dans ce sens, la cr\u00e9ation du Centre d\u2019interpr\u00e9tation du Patrimoine touristique et architectural de la M\u00e9dina, dont les travaux ont \u00e9t\u00e9 achev\u00e9s et qui est actuellement en phase de finalisation des derniers dispositifs inh\u00e9rents \u00e0 sa gestion et \u00e0 son exploitation.<\/p>\n<p>D\u2019autres projets sont en cours d\u2019ach\u00e8vement ou de lancement \u00e0 savoir, la mise en lumi\u00e8re des principaux monuments historiques de la ville, la mise en lumi\u00e8re artistique de la Place Moulay El Hassan, la signal\u00e9tique au niveau de l\u2019ancienne m\u00e9dina et l\u2019installation de trois kiosques d\u2019information touristique dans les places Moulay El Hassan, Bab Marrakech et Bab Doukala, a fait savoir le responsable.<\/p>\n<p>Nul doute que la synergie des\u00a0efforts consentis par les parties prenantes\u00a0a donn\u00e9 ses fruits comme en t\u00e9moigne l\u2019affluence des visiteurs que conna\u00eet la ville en cette p\u00e9riode.\u00a0Reste que\u00a0ce re-d\u00e9collage\u00a0de l\u2019activit\u00e9 touristique\u00a0soit confort\u00e9 pour inscrire cette relance s\u00fbre\u00a0dans la continuit\u00e9 et la durabilit\u00e9.<\/p>\n<\/div>\n<p>The post <a rel=\"nofollow\" href=\"https:\/\/www.mapmarrakech.ma\/fr\/lactivite-touristique-reprend-ses-couleurs\/\">L\u2019activit\u00e9 touristique reprend ses couleurs<\/a> appeared first on <a rel=\"nofollow\" href=\"https:\/\/www.mapmarrakech.ma\/fr\">MapMarrakech<\/a>.<\/p>\n<\/div>\n<p>Auteur: Meriem IGASS<br \/>\n<a href=\"https:\/\/www.mapmarrakech.ma\/fr\/lactivite-touristique-reprend-ses-couleurs\/\">Cliquez ici pour lire l&rsquo;article depuis sa source.<\/a><\/p>\n","protected":false},"excerpt":{"rendered":"<p>En effet, la Cit\u00e9 des Aliz\u00e9s vient de vivre au cours des deux derniers mois au rythme d\u2019une\u00a0multitude de manifestations\u00a0et d\u2019\u00e9v\u00e8nements \u00e9clectiques, \u00e0 leur t\u00eate le \u00ab\u00a0Gnaoua Festival Tour\u00a0\u00bb, ayant\u00a0enregistr\u00e9 une tr\u00e8s grande affluence,\u00a0illustrant ainsi de mani\u00e8re \u00e9loquente cette relance\u00a0s\u00fbre et soutenue de l\u2019activit\u00e9 touristique et confortant\u00a0le positionnement d\u2019Essaouira comme destination culturelle, artistique et du [&hellip;]<\/p>\n","protected":false},"author":1788,"featured_media":0,"comment_status":"closed","ping_status":"closed","sticky":false,"template":"","format":"standard","meta":{"fifu_image_url":"https:\/\/www.mapmarrakech.ma\/map\/uploads\/2021\/12\/Essaouira-tourisme-copier-1.jpg","fifu_image_alt":"L\u2019activit\u00e9 touristique reprend ses couleurs","footnotes":""},"categories":[54,76],"tags":[],"class_list":["post-153237","post","type-post","status-publish","format-standard","hentry","category-maroc","category-regions"],"_links":{"self":[{"href":"https:\/\/linitiative.ca\/International\/wp-json\/wp\/v2\/posts\/153237","targetHints":{"allow":["GET"]}}],"collection":[{"href":"https:\/\/linitiative.ca\/International\/wp-json\/wp\/v2\/posts"}],"about":[{"href":"https:\/\/linitiative.ca\/International\/wp-json\/wp\/v2\/types\/post"}],"author":[{"embeddable":true,"href":"https:\/\/linitiative.ca\/International\/wp-json\/wp\/v2\/users\/1788"}],"replies":[{"embeddable":true,"href":"https:\/\/linitiative.ca\/International\/wp-json\/wp\/v2\/comments?post=153237"}],"version-history":[{"count":0,"href":"https:\/\/linitiative.ca\/International\/wp-json\/wp\/v2\/posts\/153237\/revisions"}],"wp:attachment":[{"href":"https:\/\/linitiative.ca\/International\/wp-json\/wp\/v2\/media?parent=153237"}],"wp:term":[{"taxonomy":"category","embeddable":true,"href":"https:\/\/linitiative.ca\/International\/wp-json\/wp\/v2\/categories?post=153237"},{"taxonomy":"post_tag","embeddable":true,"href":"https:\/\/linitiative.ca\/International\/wp-json\/wp\/v2\/tags?post=153237"}],"curies":[{"name":"wp","href":"https:\/\/api.w.org\/{rel}","templated":true}]}}