{"id":153240,"date":"2022-07-23T05:47:23","date_gmt":"2022-07-23T09:47:23","guid":{"rendered":"https:\/\/linitiative.ca\/International\/maroc3e-2022-2026-lanapec-compte-inserer-715-000-personnes-sur-le-marche-du-travail\/"},"modified":"2022-07-23T05:47:23","modified_gmt":"2022-07-23T09:47:23","slug":"maroc3e-2022-2026-lanapec-compte-inserer-715-000-personnes-sur-le-marche-du-travail","status":"publish","type":"post","link":"https:\/\/linitiative.ca\/International\/maroc3e-2022-2026-lanapec-compte-inserer-715-000-personnes-sur-le-marche-du-travail\/","title":{"rendered":"\u00ab\u00a0MAROC3E\u00a0\u00bb 2022-2026: l&rsquo;ANAPEC compte ins\u00e9rer 715.000 personnes sur le march\u00e9 du travail"},"content":{"rendered":"<div>\n<div class=\"field field-name-body field-type-text-with-summary field-label-hidden\">\n<div class=\"field-items\">\n<div class=\"field-item even\" property=\"content:encoded\">\n<p class=\"rtejustify\">Le nouveau Plan strat\u00e9gique de d\u00e9veloppement de l&rsquo;Agence Nationale de Promotion de l&rsquo;Emploi et des Comp\u00e9tences (ANAPEC) pour la p\u00e9riode 2022-2026, baptis\u00e9 \u00ab\u00a0MAROC3E\u00a0\u00bb pour Emploi, Employabilit\u00e9 et Entrepreneuriat, vise \u00e0 ins\u00e9rer 715.000 personnes sur le march\u00e9 du travail.<\/p>\n<\/div>\n<\/div>\n<\/div>\n<\/div>\n<p>Auteur: mbasraoui<br \/>\n<a href=\"https:\/\/www.leconomiste.com\/flash-infos\/maroc3e-2022-2026-l-anapec-compte-inserer-715-000-personnes-sur-le-marche-du-travail\">Cliquez ici pour lire l&rsquo;article depuis sa source.<\/a><\/p>\n","protected":false},"excerpt":{"rendered":"<p>Le nouveau Plan strat\u00e9gique de d\u00e9veloppement de l&rsquo;Agence Nationale de Promotion de l&rsquo;Emploi et des Comp\u00e9tences (ANAPEC) pour la p\u00e9riode 2022-2026, baptis\u00e9 \u00ab\u00a0MAROC3E\u00a0\u00bb pour Emploi, Employabilit\u00e9 et Entrepreneuriat, vise \u00e0 ins\u00e9rer 715.000 personnes sur le march\u00e9 du travail. Auteur: mbasraoui Cliquez ici pour lire l&rsquo;article depuis sa source.<\/p>\n","protected":false},"author":1763,"featured_media":0,"comment_status":"closed","ping_status":"closed","sticky":false,"template":"","format":"standard","meta":{"fifu_image_url":"","fifu_image_alt":"","footnotes":""},"categories":[78,54],"tags":[],"class_list":["post-153240","post","type-post","status-publish","format-standard","hentry","category-economie","category-maroc"],"_links":{"self":[{"href":"https:\/\/linitiative.ca\/International\/wp-json\/wp\/v2\/posts\/153240","targetHints":{"allow":["GET"]}}],"collection":[{"href":"https:\/\/linitiative.ca\/International\/wp-json\/wp\/v2\/posts"}],"about":[{"href":"https:\/\/linitiative.ca\/International\/wp-json\/wp\/v2\/types\/post"}],"author":[{"embeddable":true,"href":"https:\/\/linitiative.ca\/International\/wp-json\/wp\/v2\/users\/1763"}],"replies":[{"embeddable":true,"href":"https:\/\/linitiative.ca\/International\/wp-json\/wp\/v2\/comments?post=153240"}],"version-history":[{"count":0,"href":"https:\/\/linitiative.ca\/International\/wp-json\/wp\/v2\/posts\/153240\/revisions"}],"wp:attachment":[{"href":"https:\/\/linitiative.ca\/International\/wp-json\/wp\/v2\/media?parent=153240"}],"wp:term":[{"taxonomy":"category","embeddable":true,"href":"https:\/\/linitiative.ca\/International\/wp-json\/wp\/v2\/categories?post=153240"},{"taxonomy":"post_tag","embeddable":true,"href":"https:\/\/linitiative.ca\/International\/wp-json\/wp\/v2\/tags?post=153240"}],"curies":[{"name":"wp","href":"https:\/\/api.w.org\/{rel}","templated":true}]}}