{"id":153242,"date":"2022-07-23T06:30:17","date_gmt":"2022-07-23T10:30:17","guid":{"rendered":"https:\/\/linitiative.ca\/International\/vague-de-chaleur-et-fortes-averses-orageuses-du-samedi-au-lundi\/"},"modified":"2022-07-23T06:30:17","modified_gmt":"2022-07-23T10:30:17","slug":"vague-de-chaleur-et-fortes-averses-orageuses-du-samedi-au-lundi","status":"publish","type":"post","link":"https:\/\/linitiative.ca\/International\/vague-de-chaleur-et-fortes-averses-orageuses-du-samedi-au-lundi\/","title":{"rendered":"Vague de chaleur et fortes averses orageuses du samedi au lundi"},"content":{"rendered":"<div>\n<div class=\"field field-name-body field-type-text-with-summary field-label-hidden\">\n<div class=\"field-items\">\n<div class=\"field-item even\" property=\"content:encoded\">\n<p class=\"rtejustify\">Une vague de chaleur (33\/48\u00b0C) et de fortes averses orageuses (20 \u00e0 30 mm) sont pr\u00e9vues du samedi au lundi dans plusieurs provinces du Royaume, a annonc\u00e9 la Direction g\u00e9n\u00e9rale de la m\u00e9t\u00e9orologie (DGM).<\/p>\n<p>Ainsi, des temp\u00e9ratures oscillant entre 46 et 48\u00b0C sont attendues samedi et dimanche dans les provinces de Sidi Kacem, Sidi Slimane, K\u00e9nitra, Ouezzane, Larache, Rhamna, Marrakech, El Kel\u00e2a des Sraghna, Fquih Ben Salah et Settat, a indiqu\u00e9 la DGM dans un bulletin d\u2019alerte du niveau rouge.<\/p>\n<\/div>\n<\/div>\n<\/div>\n<\/div>\n<p>Auteur: mbasraoui<br \/>\n<a href=\"https:\/\/www.leconomiste.com\/flash-infos\/vague-de-chaleur-et-fortes-averses-orageuses-du-samedi-au-lundi\">Cliquez ici pour lire l&rsquo;article depuis sa source.<\/a><\/p>\n","protected":false},"excerpt":{"rendered":"<p>Une vague de chaleur (33\/48\u00b0C) et de fortes averses orageuses (20 \u00e0 30 mm) sont pr\u00e9vues du samedi au lundi dans plusieurs provinces du Royaume, a annonc\u00e9 la Direction g\u00e9n\u00e9rale de la m\u00e9t\u00e9orologie (DGM). Ainsi, des temp\u00e9ratures oscillant entre 46 et 48\u00b0C sont attendues samedi et dimanche dans les provinces de Sidi Kacem, Sidi Slimane, [&hellip;]<\/p>\n","protected":false},"author":1763,"featured_media":0,"comment_status":"closed","ping_status":"closed","sticky":false,"template":"","format":"standard","meta":{"fifu_image_url":"","fifu_image_alt":"","footnotes":""},"categories":[78,54],"tags":[],"class_list":["post-153242","post","type-post","status-publish","format-standard","hentry","category-economie","category-maroc"],"_links":{"self":[{"href":"https:\/\/linitiative.ca\/International\/wp-json\/wp\/v2\/posts\/153242","targetHints":{"allow":["GET"]}}],"collection":[{"href":"https:\/\/linitiative.ca\/International\/wp-json\/wp\/v2\/posts"}],"about":[{"href":"https:\/\/linitiative.ca\/International\/wp-json\/wp\/v2\/types\/post"}],"author":[{"embeddable":true,"href":"https:\/\/linitiative.ca\/International\/wp-json\/wp\/v2\/users\/1763"}],"replies":[{"embeddable":true,"href":"https:\/\/linitiative.ca\/International\/wp-json\/wp\/v2\/comments?post=153242"}],"version-history":[{"count":0,"href":"https:\/\/linitiative.ca\/International\/wp-json\/wp\/v2\/posts\/153242\/revisions"}],"wp:attachment":[{"href":"https:\/\/linitiative.ca\/International\/wp-json\/wp\/v2\/media?parent=153242"}],"wp:term":[{"taxonomy":"category","embeddable":true,"href":"https:\/\/linitiative.ca\/International\/wp-json\/wp\/v2\/categories?post=153242"},{"taxonomy":"post_tag","embeddable":true,"href":"https:\/\/linitiative.ca\/International\/wp-json\/wp\/v2\/tags?post=153242"}],"curies":[{"name":"wp","href":"https:\/\/api.w.org\/{rel}","templated":true}]}}