{"id":153243,"date":"2022-07-23T06:58:27","date_gmt":"2022-07-23T10:58:27","guid":{"rendered":"https:\/\/linitiative.ca\/International\/nouvelle-organisation-pour-lanapec\/"},"modified":"2022-07-23T06:58:27","modified_gmt":"2022-07-23T10:58:27","slug":"nouvelle-organisation-pour-lanapec","status":"publish","type":"post","link":"https:\/\/linitiative.ca\/International\/nouvelle-organisation-pour-lanapec\/","title":{"rendered":"Nouvelle organisation pour l&rsquo;anapec"},"content":{"rendered":"<div>\n<div class=\"field field-name-body field-type-text-with-summary field-label-hidden\">\n<div class=\"field-items\">\n<div class=\"field-item even\" property=\"content:encoded\">\n<p class=\"rtejustify\">Le Conseil d&rsquo;Administration de l\u2019Agence Nationale de Promotion de l&rsquo;Emploi et des Comp\u00e9tences (ANAPEC), r\u00e9uni vendredi \u00e0 Rabat, sous la pr\u00e9sidence du ministre de l\u2019Inclusion \u00e9conomique, de la Petite entreprise, de l\u2019Emploi et des Comp\u00e9tences, Younes Sekkouri, a \u00e9t\u00e9 marqu\u00e9 par l&rsquo;adoption d&rsquo;une nouvelle organisation de l&rsquo;Agence.<\/p>\n<\/div>\n<\/div>\n<\/div>\n<\/div>\n<p>Auteur: mbasraoui<br \/>\n<a href=\"https:\/\/www.leconomiste.com\/flash-infos\/nouvelle-organisation-pour-l-anapec\">Cliquez ici pour lire l&rsquo;article depuis sa source.<\/a><\/p>\n","protected":false},"excerpt":{"rendered":"<p>Le Conseil d&rsquo;Administration de l\u2019Agence Nationale de Promotion de l&rsquo;Emploi et des Comp\u00e9tences (ANAPEC), r\u00e9uni vendredi \u00e0 Rabat, sous la pr\u00e9sidence du ministre de l\u2019Inclusion \u00e9conomique, de la Petite entreprise, de l\u2019Emploi et des Comp\u00e9tences, Younes Sekkouri, a \u00e9t\u00e9 marqu\u00e9 par l&rsquo;adoption d&rsquo;une nouvelle organisation de l&rsquo;Agence. Auteur: mbasraoui Cliquez ici pour lire l&rsquo;article depuis [&hellip;]<\/p>\n","protected":false},"author":1763,"featured_media":0,"comment_status":"closed","ping_status":"closed","sticky":false,"template":"","format":"standard","meta":{"fifu_image_url":"","fifu_image_alt":"","footnotes":""},"categories":[78,54],"tags":[],"class_list":["post-153243","post","type-post","status-publish","format-standard","hentry","category-economie","category-maroc"],"_links":{"self":[{"href":"https:\/\/linitiative.ca\/International\/wp-json\/wp\/v2\/posts\/153243","targetHints":{"allow":["GET"]}}],"collection":[{"href":"https:\/\/linitiative.ca\/International\/wp-json\/wp\/v2\/posts"}],"about":[{"href":"https:\/\/linitiative.ca\/International\/wp-json\/wp\/v2\/types\/post"}],"author":[{"embeddable":true,"href":"https:\/\/linitiative.ca\/International\/wp-json\/wp\/v2\/users\/1763"}],"replies":[{"embeddable":true,"href":"https:\/\/linitiative.ca\/International\/wp-json\/wp\/v2\/comments?post=153243"}],"version-history":[{"count":0,"href":"https:\/\/linitiative.ca\/International\/wp-json\/wp\/v2\/posts\/153243\/revisions"}],"wp:attachment":[{"href":"https:\/\/linitiative.ca\/International\/wp-json\/wp\/v2\/media?parent=153243"}],"wp:term":[{"taxonomy":"category","embeddable":true,"href":"https:\/\/linitiative.ca\/International\/wp-json\/wp\/v2\/categories?post=153243"},{"taxonomy":"post_tag","embeddable":true,"href":"https:\/\/linitiative.ca\/International\/wp-json\/wp\/v2\/tags?post=153243"}],"curies":[{"name":"wp","href":"https:\/\/api.w.org\/{rel}","templated":true}]}}