{"id":153252,"date":"2022-07-23T04:00:00","date_gmt":"2022-07-23T08:00:00","guid":{"rendered":"https:\/\/linitiative.ca\/International\/mohamed-el-aziz-ben-achour-la-crise-de-succession-au-trone-beylical-septembre-1814-janvier-1815\/"},"modified":"2022-07-23T04:00:00","modified_gmt":"2022-07-23T08:00:00","slug":"mohamed-el-aziz-ben-achour-la-crise-de-succession-au-trone-beylical-septembre-1814-janvier-1815","status":"publish","type":"post","link":"https:\/\/linitiative.ca\/International\/mohamed-el-aziz-ben-achour-la-crise-de-succession-au-trone-beylical-septembre-1814-janvier-1815\/","title":{"rendered":"Mohamed-El Aziz Ben Achour: La crise de succession au tr\u00f4ne beylical (septembre 1814 &#8211; janvier 1815)"},"content":{"rendered":"<div><img decoding=\"async\" src=\"https:\/\/linitiative.ca\/International\/wp-content\/uploads\/sites\/23\/2022\/07\/1658493672_article.jpg\" alt=\"Mohamed-El Aziz Ben Achour: La crise de succession au tr\u00f4ne beylical (septembre 1814 - janvier 1815)\" align=\"left\">Nos lecteurs se souviennent (Leaders,63, 2016) que la dynastie husse\u00efnite fond\u00e9e en 1705 fut, quelques ann\u00e9es plus tard, \u00e0 deux doigts de sa perte lorsqu\u2019Ali Pacha se rebella contre le fondateur, son oncle Husse\u00efn Bey Ben Ali. Cette r\u00e9bellion cons\u00e9cutive \u00e0 la mise \u00e0 l\u2019\u00e9cart du neveu au profit du prince Mohamed el Rach\u00eed prit,\u00a0 en 1728-29, l\u2019ampleur d\u2019une guerre civile opposant\u00a0 les \u00abpachistes\u00bb aux \u00abhusse\u00efnistes\u00bb.\u00a0 Vaincu, Ali Pacha se r\u00e9fugie \u00e0 Alger. En 1735, revenu avec les troupes d\u2019invasion alg\u00e9roises, il reprend le pouvoir, mais les husse\u00efnistes poursuivent la lutte jusqu\u2019en 1740 lorsque Husse\u00efn Bey est tu\u00e9 et ses fils sont contraints \u00e0 l\u2019exil \u00e0 &#8230;<\/p>\n<\/div>\n<p>Auteur:<br \/>\n<a href=\"https:\/\/www.leaders.com.tn\/article\/33643-mohamed-el-aziz-ben-achour-la-crise-de-succession-au-trone-beylical-septembre-1814-janvier-1815\">Cliquez ici pour lire l&rsquo;article depuis sa source.<\/a><\/p>\n","protected":false},"excerpt":{"rendered":"<p>Nos lecteurs se souviennent (Leaders,63, 2016) que la dynastie husse\u00efnite fond\u00e9e en 1705 fut, quelques ann\u00e9es plus tard, \u00e0 deux doigts de sa perte lorsqu\u2019Ali Pacha se rebella contre le fondateur, son oncle Husse\u00efn Bey Ben Ali. Cette r\u00e9bellion cons\u00e9cutive \u00e0 la mise \u00e0 l\u2019\u00e9cart du neveu au profit du prince Mohamed el Rach\u00eed prit,\u00a0 [&hellip;]<\/p>\n","protected":false},"author":1772,"featured_media":0,"comment_status":"closed","ping_status":"closed","sticky":false,"template":"","format":"standard","meta":{"fifu_image_url":"http:\/\/www.leaders.com.tn\/uploads\/content\/thumbnails_small\/1658493672_article.jpg","fifu_image_alt":"Mohamed-El Aziz Ben Achour: La crise de succession au tr\u00f4ne beylical (septembre 1814 - janvier 1815)","footnotes":""},"categories":[73,55],"tags":[],"class_list":["post-153252","post","type-post","status-publish","format-standard","hentry","category-actualite","category-tunisie"],"_links":{"self":[{"href":"https:\/\/linitiative.ca\/International\/wp-json\/wp\/v2\/posts\/153252","targetHints":{"allow":["GET"]}}],"collection":[{"href":"https:\/\/linitiative.ca\/International\/wp-json\/wp\/v2\/posts"}],"about":[{"href":"https:\/\/linitiative.ca\/International\/wp-json\/wp\/v2\/types\/post"}],"author":[{"embeddable":true,"href":"https:\/\/linitiative.ca\/International\/wp-json\/wp\/v2\/users\/1772"}],"replies":[{"embeddable":true,"href":"https:\/\/linitiative.ca\/International\/wp-json\/wp\/v2\/comments?post=153252"}],"version-history":[{"count":0,"href":"https:\/\/linitiative.ca\/International\/wp-json\/wp\/v2\/posts\/153252\/revisions"}],"wp:attachment":[{"href":"https:\/\/linitiative.ca\/International\/wp-json\/wp\/v2\/media?parent=153252"}],"wp:term":[{"taxonomy":"category","embeddable":true,"href":"https:\/\/linitiative.ca\/International\/wp-json\/wp\/v2\/categories?post=153252"},{"taxonomy":"post_tag","embeddable":true,"href":"https:\/\/linitiative.ca\/International\/wp-json\/wp\/v2\/tags?post=153252"}],"curies":[{"name":"wp","href":"https:\/\/api.w.org\/{rel}","templated":true}]}}