{"id":153254,"date":"2022-07-23T09:01:25","date_gmt":"2022-07-23T13:01:25","guid":{"rendered":"https:\/\/linitiative.ca\/International\/patrice-motsepe-rend-hommage-a-lexcellent-travail-fourni-par-la-snrt-video\/"},"modified":"2022-07-23T09:01:25","modified_gmt":"2022-07-23T13:01:25","slug":"patrice-motsepe-rend-hommage-a-lexcellent-travail-fourni-par-la-snrt-video","status":"publish","type":"post","link":"https:\/\/linitiative.ca\/International\/patrice-motsepe-rend-hommage-a-lexcellent-travail-fourni-par-la-snrt-video\/","title":{"rendered":"Patrice Motsepe rend hommage \u00e0 l\u2019excellent travail fourni par la SNRT [Vid\u00e9o]"},"content":{"rendered":"<div><img decoding=\"async\" width=\"660\" height=\"371\" src=\"https:\/\/linitiative.ca\/International\/wp-content\/uploads\/sites\/23\/2022\/07\/CAF-Awards-motsepe.jpg\" class=\"attachment-post-thumbnail size-post-thumbnail wp-post-image\" alt=\"\" loading=\"lazy\" srcset=\"https:\/\/linitiative.ca\/International\/wp-content\/uploads\/sites\/23\/2022\/07\/CAF-Awards-motsepe.jpg 660w, https:\/\/www.challenge.ma\/wp-content\/uploads\/2022\/07\/CAF-Awards-motsepe-300x169.jpg 300w, https:\/\/www.challenge.ma\/wp-content\/uploads\/2022\/07\/CAF-Awards-motsepe-360x202.jpg 360w\" sizes=\"auto, (max-width: 660px) 100vw, 660px\" itemprop=\"image\">Bel hommage que celui rendu r\u00e9cemment par le patron du football africain \u00e0 l\u2019attention de la Soci\u00e9t\u00e9 nationale de radiodiffusion et de t\u00e9l\u00e9vision (SNRT). En effet, Patrice Motsepe a mis en exergue l\u2019excellent travail effectu\u00e9 par cette derni\u00e8re lors de deux \u00e9v\u00e9nements majeurs, \u00e0 savoir la Coupe d\u2019Afrique des Nations<\/div>\n<p>Auteur: David J\u00e9r\u00e9mie<br \/>\n<a href=\"https:\/\/www.challenge.ma\/patrice-motsepe-rend-hommage-a-lexcellent-travail-fourni-par-la-snrt-video-242905\/\">Cliquez ici pour lire l&rsquo;article depuis sa source.<\/a><\/p>\n","protected":false},"excerpt":{"rendered":"<p>Bel hommage que celui rendu r\u00e9cemment par le patron du football africain \u00e0 l\u2019attention de la Soci\u00e9t\u00e9 nationale de radiodiffusion et de t\u00e9l\u00e9vision (SNRT). En effet, Patrice Motsepe a mis en exergue l\u2019excellent travail effectu\u00e9 par cette derni\u00e8re lors de deux \u00e9v\u00e9nements majeurs, \u00e0 savoir la Coupe d\u2019Afrique des Nations Auteur: David J\u00e9r\u00e9mie Cliquez ici [&hellip;]<\/p>\n","protected":false},"author":1787,"featured_media":0,"comment_status":"closed","ping_status":"closed","sticky":false,"template":"","format":"standard","meta":{"fifu_image_url":"https:\/\/www.challenge.ma\/wp-content\/uploads\/2022\/07\/CAF-Awards-motsepe.jpg","fifu_image_alt":"Patrice Motsepe rend hommage \u00e0 l\u2019excellent travail fourni par la SNRT [Vid\u00e9o]","footnotes":""},"categories":[78,54],"tags":[],"class_list":["post-153254","post","type-post","status-publish","format-standard","hentry","category-economie","category-maroc"],"_links":{"self":[{"href":"https:\/\/linitiative.ca\/International\/wp-json\/wp\/v2\/posts\/153254","targetHints":{"allow":["GET"]}}],"collection":[{"href":"https:\/\/linitiative.ca\/International\/wp-json\/wp\/v2\/posts"}],"about":[{"href":"https:\/\/linitiative.ca\/International\/wp-json\/wp\/v2\/types\/post"}],"author":[{"embeddable":true,"href":"https:\/\/linitiative.ca\/International\/wp-json\/wp\/v2\/users\/1787"}],"replies":[{"embeddable":true,"href":"https:\/\/linitiative.ca\/International\/wp-json\/wp\/v2\/comments?post=153254"}],"version-history":[{"count":0,"href":"https:\/\/linitiative.ca\/International\/wp-json\/wp\/v2\/posts\/153254\/revisions"}],"wp:attachment":[{"href":"https:\/\/linitiative.ca\/International\/wp-json\/wp\/v2\/media?parent=153254"}],"wp:term":[{"taxonomy":"category","embeddable":true,"href":"https:\/\/linitiative.ca\/International\/wp-json\/wp\/v2\/categories?post=153254"},{"taxonomy":"post_tag","embeddable":true,"href":"https:\/\/linitiative.ca\/International\/wp-json\/wp\/v2\/tags?post=153254"}],"curies":[{"name":"wp","href":"https:\/\/api.w.org\/{rel}","templated":true}]}}