{"id":153256,"date":"2022-07-23T10:50:53","date_gmt":"2022-07-23T14:50:53","guid":{"rendered":"https:\/\/linitiative.ca\/International\/agressions-policieres-a-lencontre-des-manifestants-la-version-du-ministere-de-linterieur-video\/"},"modified":"2022-07-23T10:50:53","modified_gmt":"2022-07-23T14:50:53","slug":"agressions-policieres-a-lencontre-des-manifestants-la-version-du-ministere-de-linterieur-video","status":"publish","type":"post","link":"https:\/\/linitiative.ca\/International\/agressions-policieres-a-lencontre-des-manifestants-la-version-du-ministere-de-linterieur-video\/","title":{"rendered":"Agressions polici\u00e8res \u00e0 l\u2019encontre des manifestants: La version du minist\u00e8re de l\u2019Int\u00e9rieur [Vid\u00e9o]"},"content":{"rendered":"<div>\n<p>Dans un communiqu\u00e9 officiel, le minist\u00e8re de l\u2019Int\u00e9rieur a annonc\u00e9 que des protestataires se sont avanc\u00e9s hier vers le si\u00e8ge du minist\u00e8re de l\u2019Int\u00e9rieur en tentant d\u2019enlever les barri\u00e8res de fer. Selon la m\u00eame source, les manifestants ont agress\u00e9 les unit\u00e9s s\u00e9curitaires et leur ont lanc\u00e9 des pierres, des bouteilles et des panneaux causant des [\u2026]<\/p>\n<p>L\u2019article <a href=\"https:\/\/www.tunisienumerique.com\/agressions-policieres-a-lencontre-des-manifestants-la-version-du-ministere-de-linterieur-video\/\">Agressions polici\u00e8res \u00e0 l\u2019encontre des manifestants: La version du minist\u00e8re de l\u2019Int\u00e9rieur [Vid\u00e9o]<\/a> est apparu en premier sur <a href=\"https:\/\/www.tunisienumerique.com\/\">Tunisie<\/a>.<\/p>\n<\/div>\n<p>Auteur: D .<br \/>\n<a href=\"https:\/\/www.tunisienumerique.com\/agressions-policieres-a-lencontre-des-manifestants-la-version-du-ministere-de-linterieur-video\/\">Cliquez ici pour lire l&rsquo;article depuis sa source.<\/a><\/p>\n","protected":false},"excerpt":{"rendered":"<p>Dans un communiqu\u00e9 officiel, le minist\u00e8re de l\u2019Int\u00e9rieur a annonc\u00e9 que des protestataires se sont avanc\u00e9s hier vers le si\u00e8ge du minist\u00e8re de l\u2019Int\u00e9rieur en tentant d\u2019enlever les barri\u00e8res de fer. Selon la m\u00eame source, les manifestants ont agress\u00e9 les unit\u00e9s s\u00e9curitaires et leur ont lanc\u00e9 des pierres, des bouteilles et des panneaux causant des [&hellip;]<\/p>\n","protected":false},"author":1789,"featured_media":0,"comment_status":"closed","ping_status":"closed","sticky":false,"template":"","format":"standard","meta":{"fifu_image_url":"","fifu_image_alt":"","footnotes":""},"categories":[73,55],"tags":[],"class_list":["post-153256","post","type-post","status-publish","format-standard","hentry","category-actualite","category-tunisie"],"_links":{"self":[{"href":"https:\/\/linitiative.ca\/International\/wp-json\/wp\/v2\/posts\/153256","targetHints":{"allow":["GET"]}}],"collection":[{"href":"https:\/\/linitiative.ca\/International\/wp-json\/wp\/v2\/posts"}],"about":[{"href":"https:\/\/linitiative.ca\/International\/wp-json\/wp\/v2\/types\/post"}],"author":[{"embeddable":true,"href":"https:\/\/linitiative.ca\/International\/wp-json\/wp\/v2\/users\/1789"}],"replies":[{"embeddable":true,"href":"https:\/\/linitiative.ca\/International\/wp-json\/wp\/v2\/comments?post=153256"}],"version-history":[{"count":0,"href":"https:\/\/linitiative.ca\/International\/wp-json\/wp\/v2\/posts\/153256\/revisions"}],"wp:attachment":[{"href":"https:\/\/linitiative.ca\/International\/wp-json\/wp\/v2\/media?parent=153256"}],"wp:term":[{"taxonomy":"category","embeddable":true,"href":"https:\/\/linitiative.ca\/International\/wp-json\/wp\/v2\/categories?post=153256"},{"taxonomy":"post_tag","embeddable":true,"href":"https:\/\/linitiative.ca\/International\/wp-json\/wp\/v2\/tags?post=153256"}],"curies":[{"name":"wp","href":"https:\/\/api.w.org\/{rel}","templated":true}]}}