{"id":153261,"date":"2022-07-23T10:08:29","date_gmt":"2022-07-23T14:08:29","guid":{"rendered":"https:\/\/linitiative.ca\/International\/mpp-dr-tahirou-sanou-quitte-le-navire\/"},"modified":"2022-07-23T10:08:29","modified_gmt":"2022-07-23T14:08:29","slug":"mpp-dr-tahirou-sanou-quitte-le-navire","status":"publish","type":"post","link":"https:\/\/linitiative.ca\/International\/mpp-dr-tahirou-sanou-quitte-le-navire\/","title":{"rendered":"MPP : Dr Tahirou Sanou quitte le navire"},"content":{"rendered":"<div>\n<p>L\u2019une des t\u00eates de proue de la province du Houet de l\u2019ancien parti au pouvoir, le Mouvement du Peuple pour le Progr\u00e8s (MPP), Dr Tahirou Sanou, a annonc\u00e9 sa d\u00e9mission sur sa page Facebook ce samedi 23 juillet 2022.<\/p>\n<p>Dr Sanou dit d\u00e9missionner de toutes les instances du parti apr\u00e8s huit ans d\u2019engagement au MPP. Une d\u00e9mission qui, dit-il, marque un tournant d\u00e9cisif dans son engagement politique.<\/p>\n<div class=\"fb-post\" data-href=\"https:\/\/www.facebook.com\/sanou.tahirou\/posts\/pfbid02hkBU4Ef9Tkd59psbK3k8b4MATatY2EuZYHT6TZaZ1oVwhGK2urPFrU3sTQxt5VoYl?__cft__%5B0%5D=AZU32zfeXukkhmjaGYgPoEQJ8DcDSPhPwDhotuWRifrsbyxYU88HU8kNp5qMP7D2xxvqGq3ANUms3Cq7fMrO1Dlu5DC6kVchHYlhb1V4YiTdzg&amp;__tn__=%2CO%2CP-R\" data-width=\"552\"><\/div>\n<p>L\u2019homme politique se dit par ailleurs convaincu de la n\u00e9cessit\u00e9 d\u2019une \u00ab\u00a0nouvelle organisation politique en phase avec les exigences et les enjeux du moment\u00a0\u00bb, motif qui le pousse notamment \u00e0 rompre d\u2019avec le lien organisationnel qui l\u2019a uni au MPP de 2014 \u00e0 ce jour o\u00f9 il quitte le navire.<\/p>\n<p>Cette d\u00e9cision intervient au lendemain de sa passation de charge du poste de Secr\u00e9taire permanent de l\u2019Autorit\u00e9 de r\u00e9gulation de la commande publique (SP\/ARCOP).<\/p>\n<p><strong>K.F.<\/strong><\/p>\n<p><strong>Sidwaya.info<\/strong><\/p>\n<\/div>\n<p>Auteur: Wamini SIDWAYA<br \/>\n<a href=\"https:\/\/www.sidwaya.info\/blog\/2022\/07\/23\/mpp-dr-tahirou-sanou-quitte-le-navire\/\">Cliquez ici pour lire l&rsquo;article depuis sa source.<\/a><\/p>\n","protected":false},"excerpt":{"rendered":"<p>L\u2019une des t\u00eates de proue de la province du Houet de l\u2019ancien parti au pouvoir, le Mouvement du Peuple pour le Progr\u00e8s (MPP), Dr Tahirou Sanou, a annonc\u00e9 sa d\u00e9mission sur sa page Facebook ce samedi 23 juillet 2022. Dr Sanou dit d\u00e9missionner de toutes les instances du parti apr\u00e8s huit ans d\u2019engagement au MPP. [&hellip;]<\/p>\n","protected":false},"author":1816,"featured_media":0,"comment_status":"closed","ping_status":"closed","sticky":false,"template":"","format":"standard","meta":{"fifu_image_url":"","fifu_image_alt":"","footnotes":""},"categories":[73,81],"tags":[],"class_list":["post-153261","post","type-post","status-publish","format-standard","hentry","category-actualite","category-burkina-faso"],"_links":{"self":[{"href":"https:\/\/linitiative.ca\/International\/wp-json\/wp\/v2\/posts\/153261","targetHints":{"allow":["GET"]}}],"collection":[{"href":"https:\/\/linitiative.ca\/International\/wp-json\/wp\/v2\/posts"}],"about":[{"href":"https:\/\/linitiative.ca\/International\/wp-json\/wp\/v2\/types\/post"}],"author":[{"embeddable":true,"href":"https:\/\/linitiative.ca\/International\/wp-json\/wp\/v2\/users\/1816"}],"replies":[{"embeddable":true,"href":"https:\/\/linitiative.ca\/International\/wp-json\/wp\/v2\/comments?post=153261"}],"version-history":[{"count":0,"href":"https:\/\/linitiative.ca\/International\/wp-json\/wp\/v2\/posts\/153261\/revisions"}],"wp:attachment":[{"href":"https:\/\/linitiative.ca\/International\/wp-json\/wp\/v2\/media?parent=153261"}],"wp:term":[{"taxonomy":"category","embeddable":true,"href":"https:\/\/linitiative.ca\/International\/wp-json\/wp\/v2\/categories?post=153261"},{"taxonomy":"post_tag","embeddable":true,"href":"https:\/\/linitiative.ca\/International\/wp-json\/wp\/v2\/tags?post=153261"}],"curies":[{"name":"wp","href":"https:\/\/api.w.org\/{rel}","templated":true}]}}