{"id":153262,"date":"2022-07-23T06:18:03","date_gmt":"2022-07-23T10:18:03","guid":{"rendered":"https:\/\/linitiative.ca\/International\/economie-et-politique-dominent-la-une-des-quotidiens-et-hebdomadaires-marocains\/"},"modified":"2022-07-23T06:18:03","modified_gmt":"2022-07-23T10:18:03","slug":"economie-et-politique-dominent-la-une-des-quotidiens-et-hebdomadaires-marocains","status":"publish","type":"post","link":"https:\/\/linitiative.ca\/International\/economie-et-politique-dominent-la-une-des-quotidiens-et-hebdomadaires-marocains\/","title":{"rendered":"Economie et politique dominent la Une des quotidiens et hebdomadaires marocains"},"content":{"rendered":"<div>\n<p><img decoding=\"async\" width=\"287\" height=\"176\" src=\"https:\/\/linitiative.ca\/International\/wp-content\/uploads\/sites\/23\/2022\/07\/16585714837970.jpg\" class=\"attachment-post-thumbnail size-post-thumbnail wp-post-image\" alt=\"\" loading=\"lazy\"><\/p>\n<p>Les d\u00e9fis de l&rsquo;\u00e9conomie nationale, l&rsquo;importance du process de concertations entre gouvernement et partenaires sociaux, les feux de for\u00eat et les cryptomonnaies sont les principaux sujets comment\u00e9s par les hebdomadaires et quotidiens marocains parus ce samedi.Ainsi, +Challenge+ \u00e9crit que le dernier conseil des ministres est venu \u00e0 point nomm\u00e9 pour d\u00e9montrer que le Maroc ne remet pas aux calendes grecques les r\u00e9formes structurelles enclench\u00e9es, pour se consacrer \u00e0 la gestion des effets de la crise, m\u00eame si ceux-ci sont tr\u00e8s pr\u00e9gnants.<\/p>\n<p>Ce conseil des ministres constitue un fait de communication majeur, poursuit l&rsquo;hebdomadaire, soulignant que les effets de la crise sont l\u00e0 et l&rsquo;ensemble de la population les ressent.<\/p>\n<p>L&rsquo;Ex\u00e9cutif a besoin du doigt\u00e9 pour naviguer entre toutes ces contraintes, estime-t-il, notant que \u201cc&rsquo;est le lot de tous les d\u00e9cideurs en ce moment, les moins f\u00e9briles r\u00e9ussiront\u201d.<\/p>\n<p>+La Vie \u00c9co+ \u00e9crit que l&rsquo;Ex\u00e9cutif est visiblement d\u00e9cid\u00e9 \u00e0 faire de la concertation un mode op\u00e9ratoire, rappelant qu&rsquo;au lendemain de sa prise de fonction, le ministre de l&rsquo;\u00e9ducation nationale avait r\u00e9serv\u00e9 les premiers rendez-vous de son agenda aux repr\u00e9sentants des syndicats au sein de son d\u00e9partement.<\/p>\n<p>Plus encore, et en marge du contenu de l&rsquo;accord conclu, le 1er Mai, entre le gouvernement et les syndicats les plus repr\u00e9sentatifs, une feuille de route fut pour la premi\u00e8re fois \u00e9tablie pour que le process de concertations avec les partenaires sociaux soit v\u00e9ritablement institutionnalis\u00e9, fait savoir le journal, soutenant qu&rsquo;un agenda de rencontres pr\u00e9\u00e9tabli a \u00e9t\u00e9 mis en place et qu&rsquo;un cadre formel a \u00e9t\u00e9 mat\u00e9rialis\u00e9 par une autre premi\u00e8re de l&rsquo;histoire du Maroc, \u00e0 savoir l&rsquo;ann\u00e9e sociale qui s&rsquo;\u00e9tendra d\u00e9sormais du 1er mai au 30 avril.<\/p>\n<p>Le projet de loi-cadre sur la sant\u00e9 est cette m\u00e9ga r\u00e9forme, d\u00e9cisive, profonde, qui ne saurait \u00eatre men\u00e9e \u00e0 bon port sans une concertation r\u00e9elle et sinc\u00e8re avec toutes les parties prenantes, ajoute-t-il, relevant que l&rsquo;adh\u00e9sion de toutes et tous est la seule voie viable vers la r\u00e9ussite d&rsquo;un tel chantier.<\/p>\n<p>Sur un autre registre, +Finance News Hebdo+ \u00e9crit que sous la chaleur des flammes et des braises, les incendies qui se sont d\u00e9clar\u00e9s dans le Nord ont d\u00e9truit environ 9.200 hectares de couvert forestier, notant que la cause de ces incendies sont la b\u00eatise humaine et le \u201cfameux\u201d changement climatique<\/p>\n<p>Le Maroc traverse cette ann\u00e9e une s\u00e9cheresse qui s&rsquo;est traduite par une importante baisse des ressources hydriques, lesquelles ont diminu\u00e9 de 85% en raison des faibles pr\u00e9cipitations et de la baisse du volume des chutes de neige, explique l&rsquo;hebdomadaire, notant que les fortes chaleurs enregistr\u00e9es actuellement entra\u00eenent d\u00e8s lors le dess\u00e8chement des herbes qui deviennent particuli\u00e8rement inflammables.<\/p>\n<p>\u201cD&rsquo;o\u00f9 la n\u00e9cessit\u00e9 pour le Maroc d&rsquo;anticiper et de commencer \u00e0 muscler ses moyens d&rsquo;intervention\u201d, pr\u00e9conise-t-elle, appelant, \u00e0 cet effet, \u00e0 faire face \u00e0 la r\u00e9currence des s\u00e9cheresses.<\/p>\n<p>+Le Matin+ rapporte que la Banque centrale va bient\u00f4t mettre en place un projet de loi r\u00e9glementant l&rsquo;usage des cryptomonnaies au Maroc, avec un syst\u00e8me d&rsquo;agr\u00e9ment et de licence pour permettre \u00e0 ces plateformes d&rsquo;offrir leurs services aux consommateurs. C&rsquo;est ce qu&rsquo;a r\u00e9v\u00e9l\u00e9 Adil Zbir, responsable de la surveillance des infrastructures de march\u00e9s financiers et des syst\u00e8mes de paiement \u00e0 la Banque Centrale, le jeudi 21 juillet 2022, \u00e0 Marrakech, lors du Sommet d&rsquo;affaires Afrique-USA.<\/p>\n<p>\u201cCe projet de loi a pour objectif de r\u00e9guler les plateformes d&rsquo;\u00e9change des crypto assets, \u00e0 l&rsquo;image de ce qui se fait en France \u00e0 titre d&rsquo;exemple. Aujourd&rsquo;hui, il est n\u00e9cessaire de cr\u00e9er un syst\u00e8me d&rsquo;agr\u00e9ment et de licence pour permettre \u00e0 ces plateformes d&rsquo;offrir leurs services aux consommateurs marocains. Il s&rsquo;agit d&rsquo;une d\u00e9marche de r\u00e9gulation qui permettra \u00e0 ces plateformes d&rsquo;exister en toute s\u00e9curit\u00e9. Cette r\u00e9glementation contrera \u00e9galement les risques de blanchiment d&rsquo;argent et de financement terroriste qui sont des sujets qui nous pr\u00e9occupent\u201d, a pr\u00e9cis\u00e9 Adil Zbir, lors du panel d\u00e9di\u00e9 \u00e0 l&rsquo;int\u00e9gration des syst\u00e8mes de paiement organis\u00e9 dans le cadre du sommet.<\/p>\n<p>Cet article <a rel=\"nofollow\" href=\"https:\/\/www.journalducameroun.com\/economie-et-politique-dominent-la-une-des-quotidiens-et-hebdomadaires-marocains\/\">Economie et politique dominent la Une des quotidiens et hebdomadaires marocains<\/a> est apparu en premier sur <a rel=\"nofollow\" href=\"https:\/\/www.journalducameroun.com\/\">Journal du Cameroun<\/a>.<\/p>\n<\/div>\n<p>Auteur: APA News<br \/>\n<a href=\"https:\/\/www.journalducameroun.com\/economie-et-politique-dominent-la-une-des-quotidiens-et-hebdomadaires-marocains\/\">Cliquez ici pour lire l&rsquo;article depuis sa source.<\/a><\/p>\n","protected":false},"excerpt":{"rendered":"<p>Les d\u00e9fis de l&rsquo;\u00e9conomie nationale, l&rsquo;importance du process de concertations entre gouvernement et partenaires sociaux, les feux de for\u00eat et les cryptomonnaies sont les principaux sujets comment\u00e9s par les hebdomadaires et quotidiens marocains parus ce samedi.Ainsi, +Challenge+ \u00e9crit que le dernier conseil des ministres est venu \u00e0 point nomm\u00e9 pour d\u00e9montrer que le Maroc ne [&hellip;]<\/p>\n","protected":false},"author":1965,"featured_media":0,"comment_status":"closed","ping_status":"closed","sticky":false,"template":"","format":"standard","meta":{"fifu_image_url":"https:\/\/www.journalducameroun.com\/wp-content\/uploads\/2022\/07\/16585714837970.jpg","fifu_image_alt":"Economie et politique dominent la Une des quotidiens et hebdomadaires marocains","footnotes":""},"categories":[73,82],"tags":[],"class_list":["post-153262","post","type-post","status-publish","format-standard","hentry","category-actualite","category-cameroun"],"_links":{"self":[{"href":"https:\/\/linitiative.ca\/International\/wp-json\/wp\/v2\/posts\/153262","targetHints":{"allow":["GET"]}}],"collection":[{"href":"https:\/\/linitiative.ca\/International\/wp-json\/wp\/v2\/posts"}],"about":[{"href":"https:\/\/linitiative.ca\/International\/wp-json\/wp\/v2\/types\/post"}],"author":[{"embeddable":true,"href":"https:\/\/linitiative.ca\/International\/wp-json\/wp\/v2\/users\/1965"}],"replies":[{"embeddable":true,"href":"https:\/\/linitiative.ca\/International\/wp-json\/wp\/v2\/comments?post=153262"}],"version-history":[{"count":0,"href":"https:\/\/linitiative.ca\/International\/wp-json\/wp\/v2\/posts\/153262\/revisions"}],"wp:attachment":[{"href":"https:\/\/linitiative.ca\/International\/wp-json\/wp\/v2\/media?parent=153262"}],"wp:term":[{"taxonomy":"category","embeddable":true,"href":"https:\/\/linitiative.ca\/International\/wp-json\/wp\/v2\/categories?post=153262"},{"taxonomy":"post_tag","embeddable":true,"href":"https:\/\/linitiative.ca\/International\/wp-json\/wp\/v2\/tags?post=153262"}],"curies":[{"name":"wp","href":"https:\/\/api.w.org\/{rel}","templated":true}]}}