{"id":153264,"date":"2022-07-23T09:18:03","date_gmt":"2022-07-23T13:18:03","guid":{"rendered":"https:\/\/linitiative.ca\/International\/mali-la-tension-diplomatique-monte-entre-bamako-et-lonu\/"},"modified":"2022-07-23T09:18:03","modified_gmt":"2022-07-23T13:18:03","slug":"mali-la-tension-diplomatique-monte-entre-bamako-et-lonu","status":"publish","type":"post","link":"https:\/\/linitiative.ca\/International\/mali-la-tension-diplomatique-monte-entre-bamako-et-lonu\/","title":{"rendered":"Mali : la tension diplomatique monte entre Bamako et l\u2019Onu"},"content":{"rendered":"<div>\n<p><img decoding=\"async\" width=\"712\" height=\"449\" src=\"https:\/\/linitiative.ca\/International\/wp-content\/uploads\/sites\/23\/2022\/07\/16585822841075.jpg\" class=\"attachment-post-thumbnail size-post-thumbnail wp-post-image\" alt=\"\" loading=\"lazy\" srcset=\"https:\/\/linitiative.ca\/International\/wp-content\/uploads\/sites\/23\/2022\/07\/16585822841075.jpg 712w, https:\/\/www.journalducameroun.com\/wp-content\/uploads\/2022\/07\/16585822841075-300x189.jpg 300w, https:\/\/www.journalducameroun.com\/wp-content\/uploads\/2022\/07\/16585822841075-698x440.jpg 698w, https:\/\/www.journalducameroun.com\/wp-content\/uploads\/2022\/07\/16585822841075-600x378.jpg 600w\" sizes=\"auto, (max-width: 712px) 100vw, 712px\"><\/p>\n<p>Les relations entre Bamako et l&rsquo;Organisation des Nations unies (Onu) sont devenues tendues apr\u00e8s l&rsquo;expulsion du porte-parole de la Minusma Fran\u00e7ois Olivier Salgado.Le secr\u00e9taire g\u00e9n\u00e9ral adjoint de l&rsquo;Onu pour les op\u00e9rations de paix, le Fran\u00e7ais Jean-Pierre Lacroix, est attendu \u00e0 Bamako du 24 au 28 juillet au Mali,<\/p>\n<p>L&rsquo;Organisation onusienne a jug\u00e9 n\u00e9cessaire de d\u00e9p\u00eacher son charg\u00e9 de maintien de la paix dans un contexte de tensions avec Bamako pour aplanir les divergences.<\/p>\n<p>Au cours de cette visite de quatre jours, Jean-Pierre Lacroix s&rsquo;entretiendra avec la pouvoir militaire en place sur la prolongation d&rsquo;un an du mandat de la Minusma, la force militaire de l&rsquo;Onu d\u00e9ploy\u00e9e au Mali depuis 2013.<\/p>\n<p>D&rsquo;autres sujets seront sur la table, car cette visite du haut\u00a0responsable\u00a0de l&rsquo;Onu, intervient dans un contexte de malentendus entre les autorit\u00e9s de la transition et la Minusma.<\/p>\n<p>\u00a0En effet, le Mali a ordonn\u00e9 le 21 juillet, l&rsquo;expulsion du porte-parole de la Minusma Fran\u00e7ois Olivier Salgado, pour avoir post\u00e9 sur le r\u00e9seau social Twitter des \u00ab informations inacceptables \u00bb au lendemain de l&rsquo;arrestation de 49 soldats ivoiriens \u00e0 Bamako le 10 juillet.<\/p>\n<p>Le 14 juillet dernier, les militaires ont annonc\u00e9 la suspension de toutes les rotations militaires et polici\u00e8res de la Minusma. Le pouvoir malien avait jug\u00e9 n\u00e9cessaire de tenir une \u00ab\u00a0r\u00e9union\u00a0\u00bb entre les deux parties pour \u00ab\u00a0faciliter la coordination et la r\u00e9glementation\u00a0\u00bb de ces rotations.<\/p>\n<p>Un imbroglio qui avait pouss\u00e9 L&rsquo;Egypte qui compte 1.035 soldats \u00e0 la Minusma \u00e0 suspendre sa participation d\u00e9but ao\u00fbt.\u00a0<\/p>\n<p>Le pouvoir de Bamako a d\u00e9sormais mis des gardes fous \u00a0qui r\u00e9duisent fortement la libert\u00e9 d&rsquo;action de la Minusma. Dor\u00e9navant, la force onusienne devra obtenir le feu vert de Bamako pour enqu\u00eater sur d&rsquo;\u00e9ventuelles violations des droits humains au Mali.<\/p>\n<p>Une nouvelle donne qui est \u00ab incompatible \u00bb avec le mandat de la Minusma, qui s&rsquo;accompagne d&rsquo;une libert\u00e9 de mouvement, selon l&rsquo;Onu.<\/p>\n<p>Un \u00e9pisode de plus dans les accrocs diplomatiques entre Bamako et les diff\u00e9rents protagonistes dans cette lutte contre le Jihadisme dans le Sahel.\u00a0<\/p>\n<p>Cet article <a rel=\"nofollow\" href=\"https:\/\/www.journalducameroun.com\/mali-la-tension-diplomatique-monte-entre-bamako-et-lonu\/\">Mali : la tension diplomatique monte entre Bamako et l\u2019Onu<\/a> est apparu en premier sur <a rel=\"nofollow\" href=\"https:\/\/www.journalducameroun.com\/\">Journal du Cameroun<\/a>.<\/p>\n<\/div>\n<p>Auteur: APA News<br \/>\n<a href=\"https:\/\/www.journalducameroun.com\/mali-la-tension-diplomatique-monte-entre-bamako-et-lonu\/\">Cliquez ici pour lire l&rsquo;article depuis sa source.<\/a><\/p>\n","protected":false},"excerpt":{"rendered":"<p>Les relations entre Bamako et l&rsquo;Organisation des Nations unies (Onu) sont devenues tendues apr\u00e8s l&rsquo;expulsion du porte-parole de la Minusma Fran\u00e7ois Olivier Salgado.Le secr\u00e9taire g\u00e9n\u00e9ral adjoint de l&rsquo;Onu pour les op\u00e9rations de paix, le Fran\u00e7ais Jean-Pierre Lacroix, est attendu \u00e0 Bamako du 24 au 28 juillet au Mali, L&rsquo;Organisation onusienne a jug\u00e9 n\u00e9cessaire de d\u00e9p\u00eacher [&hellip;]<\/p>\n","protected":false},"author":1965,"featured_media":0,"comment_status":"closed","ping_status":"closed","sticky":false,"template":"","format":"standard","meta":{"fifu_image_url":"https:\/\/www.journalducameroun.com\/wp-content\/uploads\/2022\/07\/16585822841075.jpg","fifu_image_alt":"Mali : la tension diplomatique monte entre Bamako et l\u2019Onu","footnotes":""},"categories":[73,82],"tags":[],"class_list":["post-153264","post","type-post","status-publish","format-standard","hentry","category-actualite","category-cameroun"],"_links":{"self":[{"href":"https:\/\/linitiative.ca\/International\/wp-json\/wp\/v2\/posts\/153264","targetHints":{"allow":["GET"]}}],"collection":[{"href":"https:\/\/linitiative.ca\/International\/wp-json\/wp\/v2\/posts"}],"about":[{"href":"https:\/\/linitiative.ca\/International\/wp-json\/wp\/v2\/types\/post"}],"author":[{"embeddable":true,"href":"https:\/\/linitiative.ca\/International\/wp-json\/wp\/v2\/users\/1965"}],"replies":[{"embeddable":true,"href":"https:\/\/linitiative.ca\/International\/wp-json\/wp\/v2\/comments?post=153264"}],"version-history":[{"count":0,"href":"https:\/\/linitiative.ca\/International\/wp-json\/wp\/v2\/posts\/153264\/revisions"}],"wp:attachment":[{"href":"https:\/\/linitiative.ca\/International\/wp-json\/wp\/v2\/media?parent=153264"}],"wp:term":[{"taxonomy":"category","embeddable":true,"href":"https:\/\/linitiative.ca\/International\/wp-json\/wp\/v2\/categories?post=153264"},{"taxonomy":"post_tag","embeddable":true,"href":"https:\/\/linitiative.ca\/International\/wp-json\/wp\/v2\/tags?post=153264"}],"curies":[{"name":"wp","href":"https:\/\/api.w.org\/{rel}","templated":true}]}}