{"id":153266,"date":"2022-07-23T09:44:01","date_gmt":"2022-07-23T13:44:01","guid":{"rendered":"https:\/\/linitiative.ca\/International\/cameroun-jeux-islamiques-2022-guy-feutchine-devoile-une-premiere-liste-qui-fait-debat\/"},"modified":"2022-07-23T09:44:01","modified_gmt":"2022-07-23T13:44:01","slug":"cameroun-jeux-islamiques-2022-guy-feutchine-devoile-une-premiere-liste-qui-fait-debat","status":"publish","type":"post","link":"https:\/\/linitiative.ca\/International\/cameroun-jeux-islamiques-2022-guy-feutchine-devoile-une-premiere-liste-qui-fait-debat\/","title":{"rendered":"Cameroun-Jeux Islamiques 2022 : Guy Feutchin\u00e9 d\u00e9voile une premi\u00e8re liste qui fait d\u00e9bat"},"content":{"rendered":"<div>\n<p><img decoding=\"async\" width=\"1280\" height=\"720\" src=\"https:\/\/linitiative.ca\/International\/wp-content\/uploads\/sites\/23\/2022\/07\/Guy-Feutchine.jpg\" class=\"attachment-post-thumbnail size-post-thumbnail wp-post-image\" alt=\"\" loading=\"lazy\" srcset=\"https:\/\/linitiative.ca\/International\/wp-content\/uploads\/sites\/23\/2022\/07\/Guy-Feutchine.jpg 1280w, https:\/\/www.journalducameroun.com\/wp-content\/uploads\/2022\/07\/Guy-Feutchine-300x169.jpg 300w, https:\/\/www.journalducameroun.com\/wp-content\/uploads\/2022\/07\/Guy-Feutchine-1024x576.jpg 1024w, https:\/\/www.journalducameroun.com\/wp-content\/uploads\/2022\/07\/Guy-Feutchine-768x432.jpg 768w, https:\/\/www.journalducameroun.com\/wp-content\/uploads\/2022\/07\/Guy-Feutchine-780x440.jpg 780w, https:\/\/www.journalducameroun.com\/wp-content\/uploads\/2022\/07\/Guy-Feutchine-380x215.jpg 380w, https:\/\/www.journalducameroun.com\/wp-content\/uploads\/2022\/07\/Guy-Feutchine-160x90.jpg 160w, https:\/\/www.journalducameroun.com\/wp-content\/uploads\/2022\/07\/Guy-Feutchine-240x135.jpg 240w, https:\/\/www.journalducameroun.com\/wp-content\/uploads\/2022\/07\/Guy-Feutchine-782x440.jpg 782w, https:\/\/www.journalducameroun.com\/wp-content\/uploads\/2022\/07\/Guy-Feutchine-600x338.jpg 600w\" sizes=\"auto, (max-width: 1280px) 100vw, 1280px\"><\/p>\n<h2 style=\"text-align: justify;\"><strong>Le s\u00e9lectionneur des Lions U23 a convoqu\u00e9 24 joueurs qui loin de faire l\u2019unanimit\u00e9 pour la pr\u00e9paration des Jeux de la Solidarit\u00e9 Islamiques Konya 2022.<\/strong><\/h2>\n<p style=\"text-align: justify;\">R\u00e9cemment nomm\u00e9 pour succ\u00e9der \u00e0 Rigobert Song \u00e0 la t\u00eate de l\u2019\u00e9quipe nationale Espoir du Cameroun, Guy Feutchine a d\u00e9voil\u00e9 sa premi\u00e8re liste. Dans le cadre des Jeux de la Solidarit\u00e9 Islamiques\u00a0 2022, le technicien national a convoqu\u00e9 24 joueurs pour un stage de pr\u00e9paration allant du 24 juillet au 3 ao\u00fbt 2022. Sur cette liste, on retrouve notamment le jeune attaquant du Coton Sport de Garoua, Patient Wassou Goue et son capitaine en club, Souaibou Marou.<\/p>\n<p style=\"text-align: justify;\">Mais on note les absences du meilleur buteur du championnat d\u2019\u00e9lite camerounais, Adolf Enow (22 ans) et Mbella Etouga, qui est sorti deuxi\u00e8me meilleur buteur du championnat ghan\u00e9en. Une premi\u00e8re liste des joueurs convoqu\u00e9s par le nouveau s\u00e9lectionneur fait donc d\u00e9bat. Notamment la pr\u00e9s\u00e9lection de Jang Sunday, qui est pr\u00e9sent\u00e9 comme soci\u00e9taire d\u2019Eding Sport.<\/p>\n<p style=\"text-align: justify;\">Mais l\u2019attaquant convoqu\u00e9 qui suppos\u00e9 \u00eatre joueur de d\u2019Eding Sport, n&rsquo;appara\u00eet sur aucune fiche du club de L\u00e9ki\u00e9 depuis 2 saisons et n\u2019a plus jou\u00e9 depuis le 25 f\u00e9vrier 2021 et les 1\/4 final de la CAN U20 en Mauritanie avec les Lions juniors. Interrog\u00e9 sur le sujet par nos confr\u00e8res de Football237, le pr\u00e9sident d\u2019Eding Sport, Saint Fabien Mvogo, affirme que Junior Jang Sunday appartient \u00e0 son club.<\/p>\n<figure id=\"attachment_414352\" aria-describedby=\"caption-attachment-414352\" style=\"width: 300px\" class=\"wp-caption alignnone\"><img loading=\"lazy\" decoding=\"async\" class=\"size-medium wp-image-414352\" src=\"https:\/\/linitiative.ca\/International\/wp-content\/uploads\/sites\/23\/2022\/07\/La-liste-des-U23-des-Lions-retenus-300x300-1.jpg\" alt=\"\" width=\"300\" height=\"300\"><figcaption id=\"caption-attachment-414352\" class=\"wp-caption-text\">La liste des U23 des Lions retenus<\/figcaption><\/figure>\n<p style=\"text-align: justify;\"><em>\u00ab\u00a0Le joueur Jang Sunday Junior r\u00e9cemment convoqu\u00e9 par le s\u00e9lectionneur U23 fait bel et bien partie des effectifs d\u2019Eding Sport\u00a0 jusqu\u2019en 2023. Il avait eu un accord de principe d\u00fbment sign\u00e9 du club Eding Sport pour effectuer des tests de recrutement en Europe. Apr\u00e8s des tests infructueux, il a simplement regagn\u00e9 le Cameroun. Toute autre all\u00e9gation est nulle. Pour toutes informations, pri\u00e8re de se rapprocher de la direction du club.\u00a0\u00bb<\/em><\/p>\n<p>Cet article <a rel=\"nofollow\" href=\"https:\/\/www.journalducameroun.com\/cameroun-jeux-islamiques-2022-guy-feutchine-devoile-une-premiere-liste-qui-fait-debat\/\">Cameroun-Jeux Islamiques 2022 : Guy Feutchin\u00e9 d\u00e9voile une premi\u00e8re liste qui fait d\u00e9bat<\/a> est apparu en premier sur <a rel=\"nofollow\" href=\"https:\/\/www.journalducameroun.com\/\">Journal du Cameroun<\/a>.<\/p>\n<\/div>\n<p>Auteur: Emile Zola Nd\u00e9 Tchoussi<br \/>\n<a href=\"https:\/\/www.journalducameroun.com\/cameroun-jeux-islamiques-2022-guy-feutchine-devoile-une-premiere-liste-qui-fait-debat\/\">Cliquez ici pour lire l&rsquo;article depuis sa source.<\/a><\/p>\n","protected":false},"excerpt":{"rendered":"<p>Le s\u00e9lectionneur des Lions U23 a convoqu\u00e9 24 joueurs qui loin de faire l\u2019unanimit\u00e9 pour la pr\u00e9paration des Jeux de la Solidarit\u00e9 Islamiques Konya 2022. R\u00e9cemment nomm\u00e9 pour succ\u00e9der \u00e0 Rigobert Song \u00e0 la t\u00eate de l\u2019\u00e9quipe nationale Espoir du Cameroun, Guy Feutchine a d\u00e9voil\u00e9 sa premi\u00e8re liste. Dans le cadre des Jeux de la [&hellip;]<\/p>\n","protected":false},"author":1965,"featured_media":0,"comment_status":"closed","ping_status":"closed","sticky":false,"template":"","format":"standard","meta":{"fifu_image_url":"https:\/\/www.journalducameroun.com\/wp-content\/uploads\/2022\/07\/Guy-Feutchine.jpg","fifu_image_alt":"Cameroun-Jeux Islamiques 2022 : Guy Feutchin\u00e9 d\u00e9voile une premi\u00e8re liste qui fait d\u00e9bat","footnotes":""},"categories":[73,82],"tags":[],"class_list":["post-153266","post","type-post","status-publish","format-standard","hentry","category-actualite","category-cameroun"],"_links":{"self":[{"href":"https:\/\/linitiative.ca\/International\/wp-json\/wp\/v2\/posts\/153266","targetHints":{"allow":["GET"]}}],"collection":[{"href":"https:\/\/linitiative.ca\/International\/wp-json\/wp\/v2\/posts"}],"about":[{"href":"https:\/\/linitiative.ca\/International\/wp-json\/wp\/v2\/types\/post"}],"author":[{"embeddable":true,"href":"https:\/\/linitiative.ca\/International\/wp-json\/wp\/v2\/users\/1965"}],"replies":[{"embeddable":true,"href":"https:\/\/linitiative.ca\/International\/wp-json\/wp\/v2\/comments?post=153266"}],"version-history":[{"count":0,"href":"https:\/\/linitiative.ca\/International\/wp-json\/wp\/v2\/posts\/153266\/revisions"}],"wp:attachment":[{"href":"https:\/\/linitiative.ca\/International\/wp-json\/wp\/v2\/media?parent=153266"}],"wp:term":[{"taxonomy":"category","embeddable":true,"href":"https:\/\/linitiative.ca\/International\/wp-json\/wp\/v2\/categories?post=153266"},{"taxonomy":"post_tag","embeddable":true,"href":"https:\/\/linitiative.ca\/International\/wp-json\/wp\/v2\/tags?post=153266"}],"curies":[{"name":"wp","href":"https:\/\/api.w.org\/{rel}","templated":true}]}}