{"id":153273,"date":"2022-07-23T13:41:25","date_gmt":"2022-07-23T17:41:25","guid":{"rendered":"https:\/\/linitiative.ca\/International\/reconstruction-du-noso-letat-va-recourir-a-des-prets-concessionnels-pour-financer-les-travaux\/"},"modified":"2022-07-23T13:41:25","modified_gmt":"2022-07-23T17:41:25","slug":"reconstruction-du-noso-letat-va-recourir-a-des-prets-concessionnels-pour-financer-les-travaux","status":"publish","type":"post","link":"https:\/\/linitiative.ca\/International\/reconstruction-du-noso-letat-va-recourir-a-des-prets-concessionnels-pour-financer-les-travaux\/","title":{"rendered":"Reconstruction du NOSO\u00a0: l\u2019Etat va recourir \u00e0 des pr\u00eats concessionnels pour financer les travaux"},"content":{"rendered":"<div>\n<p>Le Cameroun ne d\u00e9mord pas. Malgr\u00e9 les r\u00e9ticences \u00e9mises par certains partenaires techniques et financiers tels que la France, notamment en raison de l\u2019aspect s\u00e9curitaire pr\u00e9caire qui pr\u00e9vaut dans les r\u00e9gions anglophones du Nord-Ouest et du Sud-Ouest, l\u2019Etat du Cameroun est d\u00e9termin\u00e9 \u00e0 poursuivre la mise en \u0153uvre du Plan pr\u00e9sidentiel de reconstruction des r\u00e9gions du Nord-Ouest et du Sud- Ouest (PPRD) entam\u00e9 il y a deux ans. Pour cela, il est pr\u00eat \u00e0 alourdir un peu plus sa dette ext\u00e9rieure qui s\u2019\u00e9l\u00e8ve \u00e0 11 456 milliards de FCFA \u00e0 fin mars 2022. Soit 45% du PIB. A en croire des r\u00e9v\u00e9lations faites par Paul Tasong, ministre d\u00e9l\u00e9gu\u00e9 aupr\u00e8s du ministre de l\u2019Economie, par ailleurs coordonnateur du PPRD, le gouvernement, encourag\u00e9 par une autorisation du pr\u00e9sident de la R\u00e9publique, est actuellement \u00e0 la recherche de pr\u00eats concessionnels pour la poursuite de cet ambitieux projet. \u00abEn termes de perspectives, nous avons \u00e9t\u00e9 autoris\u00e9s \u00e0 rechercher des financements \u00e0 travers certains guichets dits concessionnels\u00bb, a-t-il indiqu\u00e9 sur les antennes de la t\u00e9l\u00e9vision nationale le 17 juillet 2022.<\/p>\n<p><strong>Lire aussi : <a href=\"https:\/\/ecomatin.net\/reconstruction-du-noso-letat-veut-contracter-un-pret-de-20-milliards-aupres-dela-bid-pour-la-poursuite-du-projet\/\" target=\"_blank\" rel=\"noreferrer noopener\">Reconstruction du NOSO\u00a0: l\u2019Etat veut contracter un pr\u00eat de 20 milliards aupr\u00e8s dela BID pour la poursuite du projet<\/a><\/strong><\/p>\n<p>La toute premi\u00e8re op\u00e9ration se fera avec le concours de la Banque islamique de d\u00e9veloppement, avec laquelle le Cameroun a engag\u00e9 des n\u00e9gociations qui sont actuellement proches de conna\u00eetre un d\u00e9nouement heureux. \u00abNous sommes en train de finaliser les n\u00e9gociations avec la Banque islamique de d\u00e9veloppement qui devrait \u00eatre le tout premier contributeur multilat\u00e9ral \u00e0 ce fonds. Nous avons espoir que les amis du Cameroun ne le l\u00e2cheront pas\u00bb, a indiqu\u00e9 Paul Tasong. Une fois boucl\u00e9, cet accord de pr\u00eat concessionnel va permettre \u00e0 l\u2019Etat de disposer d\u2019une enveloppe de 20 milliards de Fcfa, soit le double des financements qui ont d\u00e9j\u00e0 \u00e9t\u00e9 mobilis\u00e9s jusqu\u2019ici (11,5 milliards de Fcfa). D\u2019autres pr\u00eats identiques vont certainement suivre. Du moins si l\u2019on s\u2019en tient aux analyses du coordonnateur du PPRD, qui a involontairement pr\u00e9sent\u00e9 ledit programme comme un gouffre \u00e0 sous, dont le budget est ajust\u00e9 en fonction de l\u2019\u00e9volution de l\u2019aspect s\u00e9curitaire.<\/p>\n<p><strong>Lire aussi : <a href=\"https:\/\/ecomatin.net\/reconstruction-du-noso-le-pnud-presente-letat-davancement-du-projet-au-groupe-sabc\/\" target=\"_blank\" rel=\"noreferrer noopener\">Reconstruction du NOSO\u00a0:\u00a0le Pnud pr\u00e9sente l\u2019\u00e9tat d\u2019avancement du projet au Groupe Sabc<\/a><\/strong><\/p>\n<p>D\u2019ailleurs, sur un besoin de financement initial estim\u00e9 \u00e0 89,5 milliards en 2019, on se situe aujourd\u2019hui \u00e0 154 milliards de FCFA \u00abLe passage de 89,5 milliards de Fcfa \u00e0 154 milliards se comprend. M\u00eame aujourd\u2019hui les 154 milliards seraient d\u00e9pass\u00e9s. Pourquoi ? Parce que la situation est dynamique sur le terrain. C\u2019est en 2019 que nous avons collect\u00e9 les donn\u00e9es qui nous ont permis de nous prononcer sur un \u00e9tat de besoins de 89 milliards. La situation \u00e9tant dynamique, nous avons poursuivi cette collecte de donn\u00e9es et naturellement, la situation \u00e9tant changeante, les donn\u00e9es elles aussi ont chang\u00e9, tout comme les co\u00fbts [\u2026] On a incendi\u00e9 l\u2019h\u00f4pital de Mamfe tout r\u00e9cemment. Vous pouvez imaginer que cette infrastructure hospitali\u00e8re ne faisait pas partie des estimations. Il faut d\u00e9sormais la reverser dans la comptabilit\u00e9\u2026\u00bb, a indiqu\u00e9 Paul Tasong.<\/p>\n<p><strong>Lire aussi : <a href=\"https:\/\/ecomatin.net\/reconstruction-du-noso-ce-que-dion-ngute-ramene-du-gicam\/\" target=\"_blank\" rel=\"noreferrer noopener\">Reconstruction du Noso : ce que Joseph Dion Ngute ram\u00e8ne du Gicam<\/a><\/strong><\/p>\n<p>Suivant la d\u00e9finition du Fonds mon\u00e9taire international (FMI), un pr\u00eat est dit concessionnel lorsque son taux d\u2019int\u00e9r\u00eat est inf\u00e9rieur aux taux du march\u00e9. Certaines organisations telles que l\u2019Agence fran\u00e7aise de d\u00e9veloppement accorde ce type de financement lorsque le projet est une r\u00e9elle opportunit\u00e9 pour le pays.<\/p>\n<p>L\u2019article <a rel=\"nofollow\" href=\"https:\/\/ecomatin.net\/reconstruction-du-noso-letat-va-recourir-a-des-prets-concessionnels-pour-financer-les-travaux\/\">Reconstruction du NOSO\u00a0: l\u2019Etat va recourir \u00e0 des pr\u00eats concessionnels pour financer les travaux<\/a> est apparu en premier sur <a rel=\"nofollow\" href=\"https:\/\/ecomatin.net\/\">EcoMatin<\/a>.<\/p>\n<\/div>\n<p>Auteur: Paul Tjeg<br \/>\n<a href=\"https:\/\/ecomatin.net\/reconstruction-du-noso-letat-va-recourir-a-des-prets-concessionnels-pour-financer-les-travaux\/\">Cliquez ici pour lire l&rsquo;article depuis sa source.<\/a><\/p>\n","protected":false},"excerpt":{"rendered":"<p>Le Cameroun ne d\u00e9mord pas. Malgr\u00e9 les r\u00e9ticences \u00e9mises par certains partenaires techniques et financiers tels que la France, notamment en raison de l\u2019aspect s\u00e9curitaire pr\u00e9caire qui pr\u00e9vaut dans les r\u00e9gions anglophones du Nord-Ouest et du Sud-Ouest, l\u2019Etat du Cameroun est d\u00e9termin\u00e9 \u00e0 poursuivre la mise en \u0153uvre du Plan pr\u00e9sidentiel de reconstruction des r\u00e9gions [&hellip;]<\/p>\n","protected":false},"author":1969,"featured_media":0,"comment_status":"closed","ping_status":"closed","sticky":false,"template":"","format":"standard","meta":{"fifu_image_url":"","fifu_image_alt":"","footnotes":""},"categories":[82,78],"tags":[],"class_list":["post-153273","post","type-post","status-publish","format-standard","hentry","category-cameroun","category-economie"],"_links":{"self":[{"href":"https:\/\/linitiative.ca\/International\/wp-json\/wp\/v2\/posts\/153273","targetHints":{"allow":["GET"]}}],"collection":[{"href":"https:\/\/linitiative.ca\/International\/wp-json\/wp\/v2\/posts"}],"about":[{"href":"https:\/\/linitiative.ca\/International\/wp-json\/wp\/v2\/types\/post"}],"author":[{"embeddable":true,"href":"https:\/\/linitiative.ca\/International\/wp-json\/wp\/v2\/users\/1969"}],"replies":[{"embeddable":true,"href":"https:\/\/linitiative.ca\/International\/wp-json\/wp\/v2\/comments?post=153273"}],"version-history":[{"count":0,"href":"https:\/\/linitiative.ca\/International\/wp-json\/wp\/v2\/posts\/153273\/revisions"}],"wp:attachment":[{"href":"https:\/\/linitiative.ca\/International\/wp-json\/wp\/v2\/media?parent=153273"}],"wp:term":[{"taxonomy":"category","embeddable":true,"href":"https:\/\/linitiative.ca\/International\/wp-json\/wp\/v2\/categories?post=153273"},{"taxonomy":"post_tag","embeddable":true,"href":"https:\/\/linitiative.ca\/International\/wp-json\/wp\/v2\/tags?post=153273"}],"curies":[{"name":"wp","href":"https:\/\/api.w.org\/{rel}","templated":true}]}}