{"id":153274,"date":"2022-07-23T14:00:58","date_gmt":"2022-07-23T18:00:58","guid":{"rendered":"https:\/\/linitiative.ca\/International\/visite-de-macron-au-cameroun-emmanuel-de-tailly-vrp-de-letape-camerounaise\/"},"modified":"2022-07-23T14:00:58","modified_gmt":"2022-07-23T18:00:58","slug":"visite-de-macron-au-cameroun-emmanuel-de-tailly-vrp-de-letape-camerounaise","status":"publish","type":"post","link":"https:\/\/linitiative.ca\/International\/visite-de-macron-au-cameroun-emmanuel-de-tailly-vrp-de-letape-camerounaise\/","title":{"rendered":"Visite de Macron au Cameroun : Emmanuel De Tailly VRP de l\u2019\u00e9tape camerounaise"},"content":{"rendered":"<div>\n<p>Jusqu\u2019au 31 juin 2022, Emmanuel de Tailly occupait les fonctions de directeur g\u00e9n\u00e9ral de la Soci\u00e9t\u00e9 anonyme des brasseries du Cameroun, filiale locale du groupe Castel qui vient de proc\u00e9der au rachat de Guinness Cameroun, filiale de la multinationale Diageo pour 300 milliards de Fcfa.\u00a0\u00a0Dans la d\u00e9l\u00e9gation officielle qui accompagne le pr\u00e9sident Emmanuel Macron au Cameroun du 25 au 27 juillet prochain, l\u2019on retrouve donc l\u2019ancien patron des Brasseries du Cameroun, aujourd\u2019hui en froid avec son ancien employeur, Pierre Castel.<\/p>\n<p><strong>Lire aussi : <a href=\"https:\/\/ecomatin.net\/groupe-sabc-lempreinte-emmanuel-de-tailly-en-cinq-ans\/\" target=\"_blank\" rel=\"noreferrer noopener\">Groupe SABC\u00a0: l\u2019empreinte\u00a0\u00a0Emmanuel De Tailly en cinq ans<\/a><\/strong><\/p>\n<p>Pour les fins connaisseurs des milieux d\u2019affaires africains et camerounais, sa pr\u00e9sence dans cette d\u00e9l\u00e9gation en fait un VRP de luxe et exclusif pour le repositionnement et la reconqu\u00eate des parts de march\u00e9 de la France au Cameroun, d\u2019autant plus qu\u2019il est cr\u00e9dit\u00e9 d\u2019une trajectoire impressionnante \u00e0 la t\u00eate des Brasseries du Cameroun. Cet homme qui a servi la France notamment comme conseiller du commerce ext\u00e9rieur de Jean-Yves Le Drian, lorsqu\u2019il \u00e9tait encore ministre de l\u2019Europe et des Affaires \u00e9trang\u00e8res.<\/p>\n<p><strong>Lire aussi : <a href=\"https:\/\/ecomatin.net\/groupe-sabc-les-chantiers-qui-interpellent-le-nouveau-dg-stephane-descazeaud\/\" target=\"_blank\" rel=\"noreferrer noopener\">Groupe Sabc\u00a0: les chantiers qui interpellent le nouveau DG St\u00e9phane Descazeaud<\/a><\/strong><\/p>\n<p>Ce proche de l\u2019ex-Premier ministre \u00c9douard Philippe dispose d\u2019une excellente connaissance des milieux d\u2019affaires camerounais avec qui il a gard\u00e9 de tr\u00e8s bonne relations, notamment avec C\u00e9lestin Tawamba, pr\u00e9sident de l\u2019organisation patronale la plus puissante du pays. Aussi sera-t-il l\u2019homme qui va murmurer \u00e0 l\u2019oreille du conseiller Afrique de l\u2019Elys\u00e9e, Alain Paris. L\u2019image de la France devant \u00eatre ripolin\u00e9e dans un contexte concurrentiel marqu\u00e9 par l\u2019influence de la Chine et de la Turquie. La validation du rachat de Diageo par le groupe Castel devant manifestement faire partie des sujets au menu de l\u2019entretien avec le chef de l\u2019Etat, De Tailly, sera l\u2019homme de la situation afin que celle-ci ne soit entach\u00e9e d\u2019aucun \u00e9cueil susceptible de retarder l\u2019op\u00e9ration.<\/p>\n<p><strong>Lire aussi : <a href=\"https:\/\/ecomatin.net\/emmanuel-de-tailly-designe-personnalite-ecomatin-de-lannee-2020\/\" target=\"_blank\" rel=\"noreferrer noopener\">Emmanuel De Tailly d\u00e9sign\u00e9 personnalit\u00e9 EcoMatin de l\u2019ann\u00e9e 2020<\/a><\/strong><\/p>\n<p>C\u2019est fort de cette influence dans un pays qu\u2019il conna\u00eet bien pour y avoir s\u00e9journ\u00e9 entre 2017 et 2022, apr\u00e8s qu\u2019il y a \u00e9t\u00e9 entre 2000 et 2003 comme directeur r\u00e9gional, Afrique centrale de Maersk, conglom\u00e9rat danois de transport maritime international dont la flotte conteneuris\u00e9e est la plus importante au monde. Sur le continent, il a travaill\u00e9 pour le compte du groupe Castel\u00a0\u00a0dans la r\u00e9gion de l\u2019Oc\u00e9an Indien notamment \u00e0 Madagascar, au Tchad, au Togo, en R\u00e9publique D\u00e9mocratique du Congo.<\/p>\n<p><strong>Simon Pierre Mbarga<\/strong><\/p>\n<p>L\u2019article <a rel=\"nofollow\" href=\"https:\/\/ecomatin.net\/visite-de-macron-au-cameroun-emmanuel-de-tailly-vrp-de-letape-camerounaise\/\">Visite de Macron au Cameroun : Emmanuel De Tailly VRP de l\u2019\u00e9tape camerounaise<\/a> est apparu en premier sur <a rel=\"nofollow\" href=\"https:\/\/ecomatin.net\/\">EcoMatin<\/a>.<\/p>\n<\/div>\n<p>Auteur: EcoMatin<br \/>\n<a href=\"https:\/\/ecomatin.net\/visite-de-macron-au-cameroun-emmanuel-de-tailly-vrp-de-letape-camerounaise\/\">Cliquez ici pour lire l&rsquo;article depuis sa source.<\/a><\/p>\n","protected":false},"excerpt":{"rendered":"<p>Jusqu\u2019au 31 juin 2022, Emmanuel de Tailly occupait les fonctions de directeur g\u00e9n\u00e9ral de la Soci\u00e9t\u00e9 anonyme des brasseries du Cameroun, filiale locale du groupe Castel qui vient de proc\u00e9der au rachat de Guinness Cameroun, filiale de la multinationale Diageo pour 300 milliards de Fcfa.\u00a0\u00a0Dans la d\u00e9l\u00e9gation officielle qui accompagne le pr\u00e9sident Emmanuel Macron au [&hellip;]<\/p>\n","protected":false},"author":1969,"featured_media":0,"comment_status":"closed","ping_status":"closed","sticky":false,"template":"","format":"standard","meta":{"fifu_image_url":"","fifu_image_alt":"","footnotes":""},"categories":[82,78],"tags":[],"class_list":["post-153274","post","type-post","status-publish","format-standard","hentry","category-cameroun","category-economie"],"_links":{"self":[{"href":"https:\/\/linitiative.ca\/International\/wp-json\/wp\/v2\/posts\/153274","targetHints":{"allow":["GET"]}}],"collection":[{"href":"https:\/\/linitiative.ca\/International\/wp-json\/wp\/v2\/posts"}],"about":[{"href":"https:\/\/linitiative.ca\/International\/wp-json\/wp\/v2\/types\/post"}],"author":[{"embeddable":true,"href":"https:\/\/linitiative.ca\/International\/wp-json\/wp\/v2\/users\/1969"}],"replies":[{"embeddable":true,"href":"https:\/\/linitiative.ca\/International\/wp-json\/wp\/v2\/comments?post=153274"}],"version-history":[{"count":0,"href":"https:\/\/linitiative.ca\/International\/wp-json\/wp\/v2\/posts\/153274\/revisions"}],"wp:attachment":[{"href":"https:\/\/linitiative.ca\/International\/wp-json\/wp\/v2\/media?parent=153274"}],"wp:term":[{"taxonomy":"category","embeddable":true,"href":"https:\/\/linitiative.ca\/International\/wp-json\/wp\/v2\/categories?post=153274"},{"taxonomy":"post_tag","embeddable":true,"href":"https:\/\/linitiative.ca\/International\/wp-json\/wp\/v2\/tags?post=153274"}],"curies":[{"name":"wp","href":"https:\/\/api.w.org\/{rel}","templated":true}]}}