{"id":153296,"date":"2022-07-24T10:27:18","date_gmt":"2022-07-24T14:27:18","guid":{"rendered":"https:\/\/linitiative.ca\/International\/saison-estivale-eradication-de-29-parkings-anarchiques-a-travers-les-plages-de-la-capitale\/"},"modified":"2022-07-24T10:27:18","modified_gmt":"2022-07-24T14:27:18","slug":"saison-estivale-eradication-de-29-parkings-anarchiques-a-travers-les-plages-de-la-capitale","status":"publish","type":"post","link":"https:\/\/linitiative.ca\/International\/saison-estivale-eradication-de-29-parkings-anarchiques-a-travers-les-plages-de-la-capitale\/","title":{"rendered":"Saison estivale: \u00e9radication de 29 parkings anarchiques \u00e0 travers les plages de la capitale"},"content":{"rendered":"<div>\n<div class=\"K2FeedIntroText\">\n<p><strong>ALGER- Les services de s\u00fbret\u00e9 de la wilaya d&rsquo;Alger ont proc\u00e9d\u00e9, lors des sorties sur terrain dans le cadre du plan s\u00e9curitaire pour la saison estivale, \u00e0 l&rsquo;\u00e9radication de 29 parkings anarchiques au niveau des plages de la wilaya d&rsquo;Alger, indique, dimanche, un communiqu\u00e9 de la Direction g\u00e9n\u00e9rale de la S\u00fbret\u00e9 nationale (DGSN).<\/strong><\/p>\n<\/div>\n<div class=\"K2FeedFullText\">\n<p>Le plan s\u00e9curitaire pour la saison estivale, qui pr\u00e9voit des sorties quotidiennes au niveau des plages en vue d&rsquo;assurer la s\u00e9curit\u00e9 du citoyen et de ses biens, vise \u00e0 lutter contre le ph\u00e9nom\u00e8ne des parkings anarchiques et la location de mat\u00e9riel de plage sans autorisation.<\/p>\n<p>Ce plan tend \u00e9galement \u00e0 lutter contre les diff\u00e9rentes formes de criminalit\u00e9, dont la consommation de drogues, le port d&rsquo;armes blanches et les activit\u00e9s commerciales ill\u00e9gales sur les plages.<\/p>\n<p>Ces sorties sur terrain se sont sold\u00e9es par \u00ab\u00a0l&rsquo;\u00e9radication de 29 parkings anarchiques au niveau des plages et la saisie de 26 armes blanches, 976 chaises, 436 parasols et plus de 250 tables\u00a0\u00bb, conclut la m\u00eame source. (APS)<\/p>\n<\/div>\n<\/div>\n<p>Auteur:<br \/>\n<a href=\"https:\/\/www.aps.dz\/regions\/143160-saison-estivale-eradication-de-29-parkings-anarchiques-a-travers-les-plages-de-la-capitale\">Cliquez ici pour lire l&rsquo;article depuis sa source.<\/a><\/p>\n","protected":false},"excerpt":{"rendered":"<p>ALGER- Les services de s\u00fbret\u00e9 de la wilaya d&rsquo;Alger ont proc\u00e9d\u00e9, lors des sorties sur terrain dans le cadre du plan s\u00e9curitaire pour la saison estivale, \u00e0 l&rsquo;\u00e9radication de 29 parkings anarchiques au niveau des plages de la wilaya d&rsquo;Alger, indique, dimanche, un communiqu\u00e9 de la Direction g\u00e9n\u00e9rale de la S\u00fbret\u00e9 nationale (DGSN). Le plan [&hellip;]<\/p>\n","protected":false},"author":1790,"featured_media":0,"comment_status":"closed","ping_status":"closed","sticky":false,"template":"","format":"standard","meta":{"fifu_image_url":"","fifu_image_alt":"","footnotes":""},"categories":[53,76],"tags":[],"class_list":["post-153296","post","type-post","status-publish","format-standard","hentry","category-algerie","category-regions"],"_links":{"self":[{"href":"https:\/\/linitiative.ca\/International\/wp-json\/wp\/v2\/posts\/153296","targetHints":{"allow":["GET"]}}],"collection":[{"href":"https:\/\/linitiative.ca\/International\/wp-json\/wp\/v2\/posts"}],"about":[{"href":"https:\/\/linitiative.ca\/International\/wp-json\/wp\/v2\/types\/post"}],"author":[{"embeddable":true,"href":"https:\/\/linitiative.ca\/International\/wp-json\/wp\/v2\/users\/1790"}],"replies":[{"embeddable":true,"href":"https:\/\/linitiative.ca\/International\/wp-json\/wp\/v2\/comments?post=153296"}],"version-history":[{"count":0,"href":"https:\/\/linitiative.ca\/International\/wp-json\/wp\/v2\/posts\/153296\/revisions"}],"wp:attachment":[{"href":"https:\/\/linitiative.ca\/International\/wp-json\/wp\/v2\/media?parent=153296"}],"wp:term":[{"taxonomy":"category","embeddable":true,"href":"https:\/\/linitiative.ca\/International\/wp-json\/wp\/v2\/categories?post=153296"},{"taxonomy":"post_tag","embeddable":true,"href":"https:\/\/linitiative.ca\/International\/wp-json\/wp\/v2\/tags?post=153296"}],"curies":[{"name":"wp","href":"https:\/\/api.w.org\/{rel}","templated":true}]}}