{"id":153300,"date":"2022-07-23T18:50:40","date_gmt":"2022-07-23T22:50:40","guid":{"rendered":"https:\/\/linitiative.ca\/International\/can-feminine-maroc-2022-sm-le-roi-felicite-dans-un-appel-telephonique-lequipe-nationale-pour-sa-belle-prestation\/"},"modified":"2022-07-23T18:50:40","modified_gmt":"2022-07-23T22:50:40","slug":"can-feminine-maroc-2022-sm-le-roi-felicite-dans-un-appel-telephonique-lequipe-nationale-pour-sa-belle-prestation","status":"publish","type":"post","link":"https:\/\/linitiative.ca\/International\/can-feminine-maroc-2022-sm-le-roi-felicite-dans-un-appel-telephonique-lequipe-nationale-pour-sa-belle-prestation\/","title":{"rendered":"CAN f\u00e9minine Maroc-2022 : SM le Roi f\u00e9licite dans un appel t\u00e9l\u00e9phonique l\u2019\u00e9quipe nationale pour sa belle prestation"},"content":{"rendered":"<div>\n<div style=\"margin-bottom:20px;\"><img loading=\"lazy\" decoding=\"async\" width=\"750\" height=\"430\" src=\"https:\/\/linitiative.ca\/International\/wp-content\/uploads\/sites\/23\/2022\/07\/SM-le-Roi_750x430-1.jpg\" class=\"attachment-post-thumbnail size-post-thumbnail wp-post-image\" alt=\"\" srcset=\"https:\/\/linitiative.ca\/International\/wp-content\/uploads\/sites\/23\/2022\/07\/SM-le-Roi_750x430-1.jpg 750w, https:\/\/www.mapoujda.ma\/map\/uploads\/2021\/08\/SM-le-Roi_750x430-1-300x172.jpg 300w\" sizes=\"auto, (max-width: 750px) 100vw, 750px\"><\/div>\n<p>A l\u2019issue de la finale de la Coupe d\u2019Afrique des Nations (CAN) f\u00e9minine de football (Maroc-2022) qui a oppos\u00e9, samedi, la s\u00e9lection nationale de football \u00e0 son homologue de la R\u00e9publique d\u2019Afrique du Sud, Sa Majest\u00e9 le Roi Mohammed VI, que Dieu L\u2019assiste, a f\u00e9licit\u00e9, dans un appel t\u00e9l\u00e9phonique, les membres de l\u2019\u00e9quipe nationale pour leur belle prestation.<\/p>\n<p>Le Souverain S\u2019est ainsi entretenu au t\u00e9l\u00e9phone avec le Pr\u00e9sident de la F\u00e9d\u00e9ration Royale Marocaine de Football, Fouzi Lekjaa, l\u2019entra\u00eeneur de l\u2019\u00e9quipe nationale f\u00e9minine, Reynald Pedros, et la capitaine Ghizlane Chebbak, auxquels le Souverain a exprim\u00e9 Sa fiert\u00e9 pour leur qualification \u00e0 la finale de la CAN f\u00e9minine de football, ainsi que Ses sinc\u00e8res f\u00e9licitations aux joueuses et aux staffs technique et administratif qui ont su donner le meilleur d\u2019eux-m\u00eames et accomplir un parcours excellent marqu\u00e9 \u00e9galement par la qualification au Mondial 2023.<\/p>\n<p>L\u2019article <a rel=\"nofollow\" href=\"https:\/\/www.mapoujda.ma\/fr\/can-feminine-maroc-2022-sm-le-roi-felicite-dans-un-appel-telephonique-lequipe-nationale-pour-sa-belle-prestation\/\">CAN f\u00e9minine Maroc-2022 : SM le Roi f\u00e9licite dans un appel t\u00e9l\u00e9phonique l\u2019\u00e9quipe nationale pour sa belle prestation<\/a> est apparu en premier sur <a rel=\"nofollow\" href=\"https:\/\/www.mapoujda.ma\/fr\">MapOujda<\/a>.<\/p>\n<\/div>\n<p>Auteur: Ismail Bahhane<br \/>\n<a href=\"https:\/\/www.mapoujda.ma\/fr\/can-feminine-maroc-2022-sm-le-roi-felicite-dans-un-appel-telephonique-lequipe-nationale-pour-sa-belle-prestation\/\">Cliquez ici pour lire l&rsquo;article depuis sa source.<\/a><\/p>\n","protected":false},"excerpt":{"rendered":"<p>A l\u2019issue de la finale de la Coupe d\u2019Afrique des Nations (CAN) f\u00e9minine de football (Maroc-2022) qui a oppos\u00e9, samedi, la s\u00e9lection nationale de football \u00e0 son homologue de la R\u00e9publique d\u2019Afrique du Sud, Sa Majest\u00e9 le Roi Mohammed VI, que Dieu L\u2019assiste, a f\u00e9licit\u00e9, dans un appel t\u00e9l\u00e9phonique, les membres de l\u2019\u00e9quipe nationale pour [&hellip;]<\/p>\n","protected":false},"author":1788,"featured_media":0,"comment_status":"closed","ping_status":"closed","sticky":false,"template":"","format":"standard","meta":{"fifu_image_url":"https:\/\/www.mapoujda.ma\/map\/uploads\/2021\/08\/SM-le-Roi_750x430-1.jpg","fifu_image_alt":"CAN f\u00e9minine Maroc-2022 : SM le Roi f\u00e9licite dans un appel t\u00e9l\u00e9phonique l\u2019\u00e9quipe nationale pour sa belle prestation","footnotes":""},"categories":[54,76],"tags":[],"class_list":["post-153300","post","type-post","status-publish","format-standard","hentry","category-maroc","category-regions"],"_links":{"self":[{"href":"https:\/\/linitiative.ca\/International\/wp-json\/wp\/v2\/posts\/153300","targetHints":{"allow":["GET"]}}],"collection":[{"href":"https:\/\/linitiative.ca\/International\/wp-json\/wp\/v2\/posts"}],"about":[{"href":"https:\/\/linitiative.ca\/International\/wp-json\/wp\/v2\/types\/post"}],"author":[{"embeddable":true,"href":"https:\/\/linitiative.ca\/International\/wp-json\/wp\/v2\/users\/1788"}],"replies":[{"embeddable":true,"href":"https:\/\/linitiative.ca\/International\/wp-json\/wp\/v2\/comments?post=153300"}],"version-history":[{"count":0,"href":"https:\/\/linitiative.ca\/International\/wp-json\/wp\/v2\/posts\/153300\/revisions"}],"wp:attachment":[{"href":"https:\/\/linitiative.ca\/International\/wp-json\/wp\/v2\/media?parent=153300"}],"wp:term":[{"taxonomy":"category","embeddable":true,"href":"https:\/\/linitiative.ca\/International\/wp-json\/wp\/v2\/categories?post=153300"},{"taxonomy":"post_tag","embeddable":true,"href":"https:\/\/linitiative.ca\/International\/wp-json\/wp\/v2\/tags?post=153300"}],"curies":[{"name":"wp","href":"https:\/\/api.w.org\/{rel}","templated":true}]}}