{"id":153343,"date":"2022-07-25T06:40:22","date_gmt":"2022-07-25T10:40:22","guid":{"rendered":"https:\/\/linitiative.ca\/International\/propriete-industrielle-ompic-et-oepm-renforcent-leur-cooperation\/"},"modified":"2022-07-25T06:40:22","modified_gmt":"2022-07-25T10:40:22","slug":"propriete-industrielle-ompic-et-oepm-renforcent-leur-cooperation","status":"publish","type":"post","link":"https:\/\/linitiative.ca\/International\/propriete-industrielle-ompic-et-oepm-renforcent-leur-cooperation\/","title":{"rendered":"Propri\u00e9t\u00e9 industrielle : OMPIC et OEPM renforcent  leur coop\u00e9ration"},"content":{"rendered":"<div>\n<p><img decoding=\"async\" width=\"300\" height=\"153\" src=\"https:\/\/linitiative.ca\/International\/wp-content\/uploads\/sites\/23\/2022\/07\/OMPIC-et-OEPM-300x153-1.jpg\" class=\"attachment-medium size-medium wp-post-image\" alt=\"\" loading=\"lazy\" srcset=\"https:\/\/linitiative.ca\/International\/wp-content\/uploads\/sites\/23\/2022\/07\/OMPIC-et-OEPM-300x153-1.jpg 300w, https:\/\/aujourdhui.ma\/wp-content\/uploads\/2022\/07\/OMPIC-et-OEPM-274x140.jpg 274w, https:\/\/aujourdhui.ma\/wp-content\/uploads\/2022\/07\/OMPIC-et-OEPM.jpg 746w, https:\/\/aujourdhui.ma\/wp-content\/uploads\/2022\/07\/OMPIC-et-OEPM-165x84.jpg 165w, https:\/\/aujourdhui.ma\/wp-content\/uploads\/2022\/07\/OMPIC-et-OEPM-702x358.jpg 702w\" sizes=\"auto, (max-width: 300px) 100vw, 300px\"><\/p>\n<p><span style=\"font-size: 20px; color: #800000;\"><strong>Le Maroc et l\u2019Espagne examine le d\u00e9veloppement de leur partenariat en mati\u00e8re de propri\u00e9t\u00e9 industrielle.<\/strong><\/span> <span id=\"more-413888\"><\/span><\/p>\n<p>Une rencontre entre l\u2019Office marocain de la propri\u00e9t\u00e9 industrielle et commerciale (OMPIC) et l\u2019Office espagnol des brevets et des marques (OEPM) a eu lieu le 21 juillet 2022 \u00e0 Gen\u00e8ve, et ce en marge des r\u00e9unions des assembl\u00e9es g\u00e9n\u00e9rales des \u00c9tats membres de l\u2019Organisation mondiale de la propri\u00e9t\u00e9 intellectuelle.<\/p>\n<p>A cette occasion, Abdelaziz Babqiqi, directeur g\u00e9n\u00e9ral de l\u2019OMPIC, et Jos\u00e9 Antonio Gil Celedonio, directeur de l\u2019OEPM, ont pr\u00e9sent\u00e9 les r\u00e9cents d\u00e9veloppements en mati\u00e8re de propri\u00e9t\u00e9 industrielle au Maroc et en Espagne et ont \u00e9chang\u00e9 sur les projets de coop\u00e9ration d\u2019int\u00e9r\u00eat commun ainsi que les perspectives de coop\u00e9ration entre les deux institutions.<\/p>\n<\/div>\n<p>Auteur: ALM<br \/>\n<a href=\"https:\/\/aujourdhui.ma\/economie\/propriete-industrielle-ompic-et-oepm-renforcent-leur-cooperation\">Cliquez ici pour lire l&rsquo;article depuis sa source.<\/a><\/p>\n","protected":false},"excerpt":{"rendered":"<p>Le Maroc et l\u2019Espagne examine le d\u00e9veloppement de leur partenariat en mati\u00e8re de propri\u00e9t\u00e9 industrielle. Une rencontre entre l\u2019Office marocain de la propri\u00e9t\u00e9 industrielle et commerciale (OMPIC) et l\u2019Office espagnol des brevets et des marques (OEPM) a eu lieu le 21 juillet 2022 \u00e0 Gen\u00e8ve, et ce en marge des r\u00e9unions des assembl\u00e9es g\u00e9n\u00e9rales des [&hellip;]<\/p>\n","protected":false},"author":1759,"featured_media":0,"comment_status":"closed","ping_status":"closed","sticky":false,"template":"","format":"standard","meta":{"fifu_image_url":"https:\/\/aujourdhui.ma\/wp-content\/uploads\/2022\/07\/OMPIC-et-OEPM-300x153.jpg","fifu_image_alt":"Propri\u00e9t\u00e9 industrielle : OMPIC et OEPM renforcent  leur coop\u00e9ration","footnotes":""},"categories":[73,54],"tags":[],"class_list":["post-153343","post","type-post","status-publish","format-standard","hentry","category-actualite","category-maroc"],"_links":{"self":[{"href":"https:\/\/linitiative.ca\/International\/wp-json\/wp\/v2\/posts\/153343","targetHints":{"allow":["GET"]}}],"collection":[{"href":"https:\/\/linitiative.ca\/International\/wp-json\/wp\/v2\/posts"}],"about":[{"href":"https:\/\/linitiative.ca\/International\/wp-json\/wp\/v2\/types\/post"}],"author":[{"embeddable":true,"href":"https:\/\/linitiative.ca\/International\/wp-json\/wp\/v2\/users\/1759"}],"replies":[{"embeddable":true,"href":"https:\/\/linitiative.ca\/International\/wp-json\/wp\/v2\/comments?post=153343"}],"version-history":[{"count":0,"href":"https:\/\/linitiative.ca\/International\/wp-json\/wp\/v2\/posts\/153343\/revisions"}],"wp:attachment":[{"href":"https:\/\/linitiative.ca\/International\/wp-json\/wp\/v2\/media?parent=153343"}],"wp:term":[{"taxonomy":"category","embeddable":true,"href":"https:\/\/linitiative.ca\/International\/wp-json\/wp\/v2\/categories?post=153343"},{"taxonomy":"post_tag","embeddable":true,"href":"https:\/\/linitiative.ca\/International\/wp-json\/wp\/v2\/tags?post=153343"}],"curies":[{"name":"wp","href":"https:\/\/api.w.org\/{rel}","templated":true}]}}