{"id":153345,"date":"2022-07-25T07:00:43","date_gmt":"2022-07-25T11:00:43","guid":{"rendered":"https:\/\/linitiative.ca\/International\/le-sommet-daffaires-usa-afrique-tient-ses-promesses-a-marrakech\/"},"modified":"2022-07-25T07:00:43","modified_gmt":"2022-07-25T11:00:43","slug":"le-sommet-daffaires-usa-afrique-tient-ses-promesses-a-marrakech","status":"publish","type":"post","link":"https:\/\/linitiative.ca\/International\/le-sommet-daffaires-usa-afrique-tient-ses-promesses-a-marrakech\/","title":{"rendered":"Le sommet d\u2019affaires USA-Afrique tient  ses promesses \u00e0 Marrakech"},"content":{"rendered":"<div>\n<p><img decoding=\"async\" width=\"300\" height=\"153\" src=\"https:\/\/linitiative.ca\/International\/wp-content\/uploads\/sites\/23\/2022\/07\/sommet-daffaires-USA-Afrique-300x153-1.jpg\" class=\"attachment-medium size-medium wp-post-image\" alt=\"\" loading=\"lazy\" srcset=\"https:\/\/linitiative.ca\/International\/wp-content\/uploads\/sites\/23\/2022\/07\/sommet-daffaires-USA-Afrique-300x153-1.jpg 300w, https:\/\/aujourdhui.ma\/wp-content\/uploads\/2022\/07\/sommet-daffaires-USA-Afrique-274x140.jpg 274w, https:\/\/aujourdhui.ma\/wp-content\/uploads\/2022\/07\/sommet-daffaires-USA-Afrique.jpg 746w, https:\/\/aujourdhui.ma\/wp-content\/uploads\/2022\/07\/sommet-daffaires-USA-Afrique-165x84.jpg 165w, https:\/\/aujourdhui.ma\/wp-content\/uploads\/2022\/07\/sommet-daffaires-USA-Afrique-702x358.jpg 702w\" sizes=\"auto, (max-width: 300px) 100vw, 300px\"><\/p>\n<p><span style=\"font-size: 20px; color: #800000;\"><strong>Organisation r\u00e9ussie, plusieurs contrats d\u2019affaires conclus et des milliers d\u2019acteurs mobilis\u00e9s\u2026<\/strong><\/span><span id=\"more-413885\"><\/span><\/p>\n<p>L\u2019acc\u00e9l\u00e9ration du d\u00e9veloppement \u00e9conomique et la prosp\u00e9rit\u00e9 passent par la conjugaison des efforts des gouvernements, des institutions financi\u00e8res multilat\u00e9rales, des institutions de financement du d\u00e9veloppement, des fonds souverains ainsi que des investisseurs du secteur priv\u00e9. Cette recommandation a \u00e9t\u00e9 faite \u00e0 l\u2019unanimit\u00e9 par l\u2019ensemble des intervenants ayant particip\u00e9 au panel de cl\u00f4ture du 14\u00e8me sommet d\u2019affaires USA-Afrique dont les travaux ont pris fin vendredi 22 juillet \u00e0 Marrakech.<br \/>\nLes participants ont ainsi salu\u00e9 par la m\u00eame occasion l\u2019annonce faite par la vice-pr\u00e9sidente des \u00c9tats-Unis, Kamala Harris, par rapport \u00e0 la tenue en d\u00e9cembre prochain du Sommet des dirigeants \u00c9tats-Unis-Afrique. Un \u00e9v\u00e9nement qui discutera des d\u00e9fis allant de la s\u00e9curit\u00e9 alimentaire au changement climatique. Retour sur les moments forts de la cl\u00f4ture du sommet.<\/p>\n<p><span style=\"color: #ff0000;\"><strong>Le Maroc plaide pour la souverainet\u00e9 dans toutes les strat\u00e9gies sectorielles<\/strong><\/span><\/p>\n<p>Organis\u00e9e autour du th\u00e8me \u00abB\u00e2tir l\u2019avenir ensemble \u2013 le futur\u00bb, la pl\u00e9ni\u00e8re de cl\u00f4ture du sommet a constitu\u00e9, en effet, un moment de r\u00e9flexion collective sur l\u2019avenir de l\u2019Afrique, un continent prometteur \u00e0 tous les niveaux. Intervenant \u00e0 cette occasion, Ryad Mezzour, ministre de l\u2019industrie et du commerce, a soulign\u00e9 la vision port\u00e9e par Sa Majest\u00e9 le Roi d\u2019adopter \u00abune politique coh\u00e9rente et int\u00e9gr\u00e9e \u00e0 l\u2019\u00e9gard de nos fr\u00e8res africains, fond\u00e9e sur l\u2019investissement conjoint des richesses, le d\u00e9veloppement humain et le renforcement de la coop\u00e9ration \u00e9conomique\u00bb.<br \/>\nMalgr\u00e9 un contexte difficile plein d\u2019enjeux et marqu\u00e9 par la reconfiguration de l\u2019\u00e9conomie internationale, l\u2019Afrique a tous les atouts pour \u00eatre un acteur actif et mieux s\u2019int\u00e9grer dans les cha\u00eenes de valeur et de transformation mondiales.<br \/>\nLes entreprises africaines ont ainsi un r\u00f4le d\u00e9terminant \u00e0 jouer et sont appel\u00e9es \u00e0 prendre des risques commerciaux pour saisir les opportunit\u00e9s offertes par un march\u00e9 plus vaste en \u00e9largissant leur base de fabrication.<br \/>\n\u00abNos priorit\u00e9s, en tant que pays africains, doivent \u00eatre de placer la souverainet\u00e9 au c\u0153ur de toutes les strat\u00e9gies sectorielles et de la consid\u00e9rer comme une priorit\u00e9 pour la s\u00e9curisation de l\u2019approvisionnement et de l\u2019emploi. Nous devons nous engager \u00e0 encourager la fabrication locale, \u00e0 cr\u00e9er des r\u00e9serves strat\u00e9giques pour certains produits essentiels et \u00e0 diversifier les sources d\u2019approvisionnement en produits \u00e9nerg\u00e9tiques et alimentaires\u00bb, a ajout\u00e9 M. Mezzour.<\/p>\n<p><span style=\"color: #ff0000;\"><strong>Une 14\u00e8me \u00e9dition couronn\u00e9e de succ\u00e8s<\/strong><\/span><\/p>\n<p>Le Maroc se r\u00e9jouit par ailleurs du succ\u00e8s de cette 14\u00e8me \u00e9dition du Sommet, plac\u00e9e sous le Haut patronage de Sa Majest\u00e9 le Roi Mohammed VI. Organis\u00e9 par le gouvernement marocain, en partenariat avec \u00abCorporate Council on Africa\u00bb (CCA), cet \u00e9v\u00e9nement a connu la participation d\u2019une importante d\u00e9l\u00e9gation gouvernementale am\u00e9ricaine, de ministres africains et de d\u00e9cideurs des plus grandes multinationales am\u00e9ricaines et des milieux d\u2019affaires africains.<br \/>\nOn note ainsi la participation de 1.500 responsables, dont 80% issus du secteur priv\u00e9, six ministres des affaires \u00e9trang\u00e8res ainsi que plus de vingt ministres repr\u00e9sentant des secteurs diff\u00e9rents et plus de cinquante pays africains. \u00abPlus de 450 d\u2019entreprises am\u00e9ricaines \u00e9taient pr\u00e9sentes, ce qui est \u00e9norme, alors que plus de 5.000 mises en relation ont \u00e9t\u00e9 initi\u00e9es entre des repr\u00e9sentants des secteurs public et priv\u00e9\u00bb, rel\u00e8ve-t-on de Ryad Mezzour. De c\u00f4t\u00e9 am\u00e9ricain, Florizelle Liser, pr\u00e9sidente et CEO du \u00abCorporate Council on Africa\u00bb (CCA), a soulign\u00e9 que \u00abce Sommet a offert l\u2019opportunit\u00e9 d\u2019insister sur l\u2019importance d\u2019une action conjointe des gouvernements am\u00e9ricain et africains, ainsi que des secteurs priv\u00e9s africain et am\u00e9ricain, pour faire avancer les investissements et les relations \u00e9conomiques et commerciale entre les \u00c9tats-Unis et l\u2019Afrique\u00bb. Rappelons que ce Sommet a repr\u00e9sent\u00e9, \u00e9galement, une opportunit\u00e9 de consolider le positionnement strat\u00e9gique du Maroc, seul pays africain ayant conclu un accord de libre-\u00e9change avec les \u00c9tats-Unis, en tant que hub pour l\u2019Afrique et partenaire \u00e9conomique de r\u00e9f\u00e9rence pour les USA. Les travaux de Marrakech ont \u00e9t\u00e9 marqu\u00e9s par l\u2019Organisation de dialogues de haut niveau, de sessions pl\u00e9ni\u00e8res, de panels, de tables rondes et de side-events autour des priorit\u00e9s du continent en mati\u00e8re de s\u00e9curit\u00e9 alimentaire, de sant\u00e9, d\u2019agriculture, de transition \u00e9nerg\u00e9tique, de nouvelles technologies, d\u2019infrastructures et d\u2019int\u00e9gration des \u00e9cosyst\u00e8mes industriels.<\/p>\n<\/div>\n<p>Auteur: ALM<br \/>\n<a href=\"https:\/\/aujourdhui.ma\/economie\/le-sommet-daffaires-usa-afrique-tient-ses-promesses-a-marrakech\">Cliquez ici pour lire l&rsquo;article depuis sa source.<\/a><\/p>\n","protected":false},"excerpt":{"rendered":"<p>Organisation r\u00e9ussie, plusieurs contrats d\u2019affaires conclus et des milliers d\u2019acteurs mobilis\u00e9s\u2026 L\u2019acc\u00e9l\u00e9ration du d\u00e9veloppement \u00e9conomique et la prosp\u00e9rit\u00e9 passent par la conjugaison des efforts des gouvernements, des institutions financi\u00e8res multilat\u00e9rales, des institutions de financement du d\u00e9veloppement, des fonds souverains ainsi que des investisseurs du secteur priv\u00e9. Cette recommandation a \u00e9t\u00e9 faite \u00e0 l\u2019unanimit\u00e9 par l\u2019ensemble [&hellip;]<\/p>\n","protected":false},"author":1759,"featured_media":0,"comment_status":"closed","ping_status":"closed","sticky":false,"template":"","format":"standard","meta":{"fifu_image_url":"https:\/\/aujourdhui.ma\/wp-content\/uploads\/2022\/07\/sommet-daffaires-USA-Afrique-300x153.jpg","fifu_image_alt":"Le sommet d\u2019affaires USA-Afrique tient  ses promesses \u00e0 Marrakech","footnotes":""},"categories":[73,54],"tags":[],"class_list":["post-153345","post","type-post","status-publish","format-standard","hentry","category-actualite","category-maroc"],"_links":{"self":[{"href":"https:\/\/linitiative.ca\/International\/wp-json\/wp\/v2\/posts\/153345","targetHints":{"allow":["GET"]}}],"collection":[{"href":"https:\/\/linitiative.ca\/International\/wp-json\/wp\/v2\/posts"}],"about":[{"href":"https:\/\/linitiative.ca\/International\/wp-json\/wp\/v2\/types\/post"}],"author":[{"embeddable":true,"href":"https:\/\/linitiative.ca\/International\/wp-json\/wp\/v2\/users\/1759"}],"replies":[{"embeddable":true,"href":"https:\/\/linitiative.ca\/International\/wp-json\/wp\/v2\/comments?post=153345"}],"version-history":[{"count":0,"href":"https:\/\/linitiative.ca\/International\/wp-json\/wp\/v2\/posts\/153345\/revisions"}],"wp:attachment":[{"href":"https:\/\/linitiative.ca\/International\/wp-json\/wp\/v2\/media?parent=153345"}],"wp:term":[{"taxonomy":"category","embeddable":true,"href":"https:\/\/linitiative.ca\/International\/wp-json\/wp\/v2\/categories?post=153345"},{"taxonomy":"post_tag","embeddable":true,"href":"https:\/\/linitiative.ca\/International\/wp-json\/wp\/v2\/tags?post=153345"}],"curies":[{"name":"wp","href":"https:\/\/api.w.org\/{rel}","templated":true}]}}