{"id":153367,"date":"2022-07-25T09:27:51","date_gmt":"2022-07-25T13:27:51","guid":{"rendered":"https:\/\/linitiative.ca\/International\/tanger-lhotel-barcelo-fait-peau-neuve\/"},"modified":"2022-07-25T09:27:51","modified_gmt":"2022-07-25T13:27:51","slug":"tanger-lhotel-barcelo-fait-peau-neuve","status":"publish","type":"post","link":"https:\/\/linitiative.ca\/International\/tanger-lhotel-barcelo-fait-peau-neuve\/","title":{"rendered":"Tanger: l\u2019h\u00f4tel Barcel\u00f3 fait peau neuve"},"content":{"rendered":"<div>\n<div class=\"field field-name-body field-type-text-with-summary field-label-hidden\">\n<div class=\"field-items\">\n<div class=\"field-item even\" property=\"content:encoded\">\n<p>L\u2019historique Barcel\u00f3 Tanger fait peau neuve, offrant \u00e0 la capitale du D\u00e9troit sa nouvelle adresse incontournable pour les passionn\u00e9s du luxe.<\/p>\n<p>La cha\u00eene h\u00f4teli\u00e8re Barcel\u00f3 Hotel Group investit 20 millions d\u2019euros pour redonner vie \u00e0 son nouveau flagship 5 \u00e9toiles, indique un communiqu\u00e9 du Groupe Barcel\u00f3.<\/p>\n<\/div>\n<\/div>\n<\/div>\n<\/div>\n<p>Auteur: mbasraoui<br \/>\n<a href=\"https:\/\/www.leconomiste.com\/flash-infos\/tanger-l-hotel-barcelo-fait-peau-neuve\">Cliquez ici pour lire l&rsquo;article depuis sa source.<\/a><\/p>\n","protected":false},"excerpt":{"rendered":"<p>L\u2019historique Barcel\u00f3 Tanger fait peau neuve, offrant \u00e0 la capitale du D\u00e9troit sa nouvelle adresse incontournable pour les passionn\u00e9s du luxe. La cha\u00eene h\u00f4teli\u00e8re Barcel\u00f3 Hotel Group investit 20 millions d\u2019euros pour redonner vie \u00e0 son nouveau flagship 5 \u00e9toiles, indique un communiqu\u00e9 du Groupe Barcel\u00f3. Auteur: mbasraoui Cliquez ici pour lire l&rsquo;article depuis sa [&hellip;]<\/p>\n","protected":false},"author":1763,"featured_media":0,"comment_status":"closed","ping_status":"closed","sticky":false,"template":"","format":"standard","meta":{"fifu_image_url":"","fifu_image_alt":"","footnotes":""},"categories":[78,54],"tags":[],"class_list":["post-153367","post","type-post","status-publish","format-standard","hentry","category-economie","category-maroc"],"_links":{"self":[{"href":"https:\/\/linitiative.ca\/International\/wp-json\/wp\/v2\/posts\/153367","targetHints":{"allow":["GET"]}}],"collection":[{"href":"https:\/\/linitiative.ca\/International\/wp-json\/wp\/v2\/posts"}],"about":[{"href":"https:\/\/linitiative.ca\/International\/wp-json\/wp\/v2\/types\/post"}],"author":[{"embeddable":true,"href":"https:\/\/linitiative.ca\/International\/wp-json\/wp\/v2\/users\/1763"}],"replies":[{"embeddable":true,"href":"https:\/\/linitiative.ca\/International\/wp-json\/wp\/v2\/comments?post=153367"}],"version-history":[{"count":0,"href":"https:\/\/linitiative.ca\/International\/wp-json\/wp\/v2\/posts\/153367\/revisions"}],"wp:attachment":[{"href":"https:\/\/linitiative.ca\/International\/wp-json\/wp\/v2\/media?parent=153367"}],"wp:term":[{"taxonomy":"category","embeddable":true,"href":"https:\/\/linitiative.ca\/International\/wp-json\/wp\/v2\/categories?post=153367"},{"taxonomy":"post_tag","embeddable":true,"href":"https:\/\/linitiative.ca\/International\/wp-json\/wp\/v2\/tags?post=153367"}],"curies":[{"name":"wp","href":"https:\/\/api.w.org\/{rel}","templated":true}]}}