{"id":153375,"date":"2022-07-25T07:18:00","date_gmt":"2022-07-25T11:18:00","guid":{"rendered":"https:\/\/linitiative.ca\/International\/il-y-a-vingt-cinq-ans-disparaissait-chedly-ben-abdellah-quand-il-est-mort-le-poete\/"},"modified":"2022-07-25T07:18:00","modified_gmt":"2022-07-25T11:18:00","slug":"il-y-a-vingt-cinq-ans-disparaissait-chedly-ben-abdellah-quand-il-est-mort-le-poete","status":"publish","type":"post","link":"https:\/\/linitiative.ca\/International\/il-y-a-vingt-cinq-ans-disparaissait-chedly-ben-abdellah-quand-il-est-mort-le-poete\/","title":{"rendered":"Il y a vingt-cinq ans disparaissait Chedly Ben Abdellah: Quand il est mort, le po\u00e8te\u2026"},"content":{"rendered":"<div><img decoding=\"async\" src=\"https:\/\/linitiative.ca\/International\/wp-content\/uploads\/sites\/23\/2022\/07\/1658745210_article.jpg\" alt=\"Il y a vingt-cinq ans disparaissait Chedly Ben Abdellah: Quand il est mort, le po\u00e8te\u2026\" align=\"left\">Un air connu(1)<br \/>\nPar Aissa Baccouche &#8211; Nul n\u2019est po\u00e8te en son pays Chedly Ben Abdallah. Comme d\u2019autres parmi ses contemporaines et l\u2019incarnation de cet badge qui est, en v\u00e9rit\u00e9 d\u00e9di\u00e9 aux proph\u00e8tes. Mais les po\u00e8tes ne sont-ils pas touch\u00e9s, eux aussi, par une sorte de gr\u00e2ce divine ? Leurs r\u00eaves ne sont-ils pas mus par un souffle pr\u00e9monitoire :<br \/>\n\u00abEl la bu\u00e9e des r\u00eaves de l\u2019homme.<br \/>\nF\u00e9conde tr\u00e8s t\u00f4t la graine de ses d\u00e9sirs<br \/>\nAlors les mains frissonnent en s\u2019incurvant<br \/>\nTandis que le vent aux mille soupirs<br \/>\nFait tournoyer les pens\u00e9es\u00bb<br \/>\nCette stance insuffl\u00e9e par notre compatriote est tir\u00e9e de la premi\u00e8re page des \u00abcarnets po\u00e9tiques Nord-Africains\u00bb paraissant \u00e0 &#8230;<\/p>\n<\/div>\n<p>Auteur:<br \/>\n<a href=\"https:\/\/www.leaders.com.tn\/article\/33648-il-y-a-vingt-cinq-ans-disparaissait-chedly-ben-abdellah-quand-il-est-mort-le-poete\">Cliquez ici pour lire l&rsquo;article depuis sa source.<\/a><\/p>\n","protected":false},"excerpt":{"rendered":"<p>Un air connu(1) Par Aissa Baccouche &#8211; Nul n\u2019est po\u00e8te en son pays Chedly Ben Abdallah. Comme d\u2019autres parmi ses contemporaines et l\u2019incarnation de cet badge qui est, en v\u00e9rit\u00e9 d\u00e9di\u00e9 aux proph\u00e8tes. Mais les po\u00e8tes ne sont-ils pas touch\u00e9s, eux aussi, par une sorte de gr\u00e2ce divine ? Leurs r\u00eaves ne sont-ils pas mus [&hellip;]<\/p>\n","protected":false},"author":1772,"featured_media":0,"comment_status":"closed","ping_status":"closed","sticky":false,"template":"","format":"standard","meta":{"fifu_image_url":"http:\/\/www.leaders.com.tn\/uploads\/content\/thumbnails_small\/1658745210_article.jpg","fifu_image_alt":"Il y a vingt-cinq ans disparaissait Chedly Ben Abdellah: Quand il est mort, le po\u00e8te\u2026","footnotes":""},"categories":[73,55],"tags":[],"class_list":["post-153375","post","type-post","status-publish","format-standard","hentry","category-actualite","category-tunisie"],"_links":{"self":[{"href":"https:\/\/linitiative.ca\/International\/wp-json\/wp\/v2\/posts\/153375","targetHints":{"allow":["GET"]}}],"collection":[{"href":"https:\/\/linitiative.ca\/International\/wp-json\/wp\/v2\/posts"}],"about":[{"href":"https:\/\/linitiative.ca\/International\/wp-json\/wp\/v2\/types\/post"}],"author":[{"embeddable":true,"href":"https:\/\/linitiative.ca\/International\/wp-json\/wp\/v2\/users\/1772"}],"replies":[{"embeddable":true,"href":"https:\/\/linitiative.ca\/International\/wp-json\/wp\/v2\/comments?post=153375"}],"version-history":[{"count":0,"href":"https:\/\/linitiative.ca\/International\/wp-json\/wp\/v2\/posts\/153375\/revisions"}],"wp:attachment":[{"href":"https:\/\/linitiative.ca\/International\/wp-json\/wp\/v2\/media?parent=153375"}],"wp:term":[{"taxonomy":"category","embeddable":true,"href":"https:\/\/linitiative.ca\/International\/wp-json\/wp\/v2\/categories?post=153375"},{"taxonomy":"post_tag","embeddable":true,"href":"https:\/\/linitiative.ca\/International\/wp-json\/wp\/v2\/tags?post=153375"}],"curies":[{"name":"wp","href":"https:\/\/api.w.org\/{rel}","templated":true}]}}