{"id":153395,"date":"2022-07-25T17:36:38","date_gmt":"2022-07-25T21:36:38","guid":{"rendered":"https:\/\/linitiative.ca\/International\/cooperation-arabie-saoudite-burkina-faso-un-report-du-paiement-de-la-dette-signe\/"},"modified":"2022-07-25T17:36:38","modified_gmt":"2022-07-25T21:36:38","slug":"cooperation-arabie-saoudite-burkina-faso-un-report-du-paiement-de-la-dette-signe","status":"publish","type":"post","link":"https:\/\/linitiative.ca\/International\/cooperation-arabie-saoudite-burkina-faso-un-report-du-paiement-de-la-dette-signe\/","title":{"rendered":"Coop\u00e9ration Arabie saoudite-Burkina Faso : un report du paiement de la dette sign\u00e9"},"content":{"rendered":"<div>\n<p><strong>Le ministre de l\u2019Economie, des Finances et de la Prospective, Dr Seglaro Abel Som\u00e9, s\u00e9journe en Arabie saoudite. Un accord bilat\u00e9ral de report du paiement de la dette des projets de d\u00e9veloppement a \u00e9t\u00e9 sign\u00e9 avec le Pr\u00e9sident ex\u00e9cutif du Fonds saoudien de d\u00e9veloppement, Sultan ben Abdulrahman Al-Murshed, le dimanche 24 juillet 2022 au si\u00e8ge du fonds, \u00e0 Riyad, la capitale saoudienne.<\/strong><\/p>\n<p>Le Burkina Faso b\u00e9n\u00e9ficie d\u2019un report du paiement de sa dette aupr\u00e8s du Fonds saoudien de d\u00e9veloppement. La signature de cet accord bilat\u00e9ral de report du paiement de la dette des projets de d\u00e9veloppement est intervenue, le dimanche 24 juillet 2022, \u00e0 Ryad, en Arabie saoudite, entre le ministre de l\u2019Economie, des Finances et de la Prospective, Dr Seglaro Abel Som\u00e9 et le Pr\u00e9sident ex\u00e9cutif du Fonds saoudien de d\u00e9veloppement, Sultan ben Abdulrahman Al-Murshed. Selon l\u2019agence de presse saoudienne SPA, cet accord concerne \u00e9galement le report du d\u00e9lai de paiement de services de la dette contract\u00e9e par le Burkina Faso pour les projets de d\u00e9veloppement et son r\u00e9\u00e9chelonnement. Au cours de la rencontre, les deux parties ont \u00e9galement discut\u00e9 des projets en cours d\u2019ex\u00e9cution dans les secteurs des routes et de l\u2019agriculture.<\/p>\n<p>La valeur totale des projets que le Fonds a financ\u00e9s au Burkina Faso sur une p\u00e9riode de 40 ans, est estim\u00e9e \u00e0 240 millions de dollars. Elle est compos\u00e9e de 15 pr\u00eats et trois dons pour contribuer au renforcement du d\u00e9veloppement social et \u00e9conomique. Il est \u00e0 noter que plus de 33 pays en d\u00e9veloppement dans le monde ont b\u00e9n\u00e9fici\u00e9 de l\u2019Initiative de suspension du service de pr\u00eat bonifi\u00e9 des projets financ\u00e9s par le Fonds saoudien pour le d\u00e9veloppement. Cet accord de report du paiement de la dette traduit une fois de plus, l\u2019excellence des relations bilat\u00e9rales entre le Burkina Faso et le Royaume d\u2019Arabie saoudite.<\/p>\n<p style=\"text-align: right\"><strong>Source : www.spa.gov.sa <\/strong><\/p>\n<p style=\"text-align: right\"><strong>Une synth\u00e8se de Karim BADOLO <\/strong><\/p>\n<\/div>\n<p>Auteur: JK. Sidwaya<br \/>\n<a href=\"https:\/\/www.sidwaya.info\/blog\/2022\/07\/25\/cooperation-arabie-saoudite-burkina-faso-un-report-du-paiement-de-la-dette-signe-2\/\">Cliquez ici pour lire l&rsquo;article depuis sa source.<\/a><\/p>\n","protected":false},"excerpt":{"rendered":"<p>Le ministre de l\u2019Economie, des Finances et de la Prospective, Dr Seglaro Abel Som\u00e9, s\u00e9journe en Arabie saoudite. Un accord bilat\u00e9ral de report du paiement de la dette des projets de d\u00e9veloppement a \u00e9t\u00e9 sign\u00e9 avec le Pr\u00e9sident ex\u00e9cutif du Fonds saoudien de d\u00e9veloppement, Sultan ben Abdulrahman Al-Murshed, le dimanche 24 juillet 2022 au si\u00e8ge [&hellip;]<\/p>\n","protected":false},"author":1816,"featured_media":0,"comment_status":"closed","ping_status":"closed","sticky":false,"template":"","format":"standard","meta":{"fifu_image_url":"","fifu_image_alt":"","footnotes":""},"categories":[73,81],"tags":[],"class_list":["post-153395","post","type-post","status-publish","format-standard","hentry","category-actualite","category-burkina-faso"],"_links":{"self":[{"href":"https:\/\/linitiative.ca\/International\/wp-json\/wp\/v2\/posts\/153395","targetHints":{"allow":["GET"]}}],"collection":[{"href":"https:\/\/linitiative.ca\/International\/wp-json\/wp\/v2\/posts"}],"about":[{"href":"https:\/\/linitiative.ca\/International\/wp-json\/wp\/v2\/types\/post"}],"author":[{"embeddable":true,"href":"https:\/\/linitiative.ca\/International\/wp-json\/wp\/v2\/users\/1816"}],"replies":[{"embeddable":true,"href":"https:\/\/linitiative.ca\/International\/wp-json\/wp\/v2\/comments?post=153395"}],"version-history":[{"count":0,"href":"https:\/\/linitiative.ca\/International\/wp-json\/wp\/v2\/posts\/153395\/revisions"}],"wp:attachment":[{"href":"https:\/\/linitiative.ca\/International\/wp-json\/wp\/v2\/media?parent=153395"}],"wp:term":[{"taxonomy":"category","embeddable":true,"href":"https:\/\/linitiative.ca\/International\/wp-json\/wp\/v2\/categories?post=153395"},{"taxonomy":"post_tag","embeddable":true,"href":"https:\/\/linitiative.ca\/International\/wp-json\/wp\/v2\/tags?post=153395"}],"curies":[{"name":"wp","href":"https:\/\/api.w.org\/{rel}","templated":true}]}}