{"id":15340,"date":"2019-02-19T05:07:38","date_gmt":"2019-02-19T10:07:38","guid":{"rendered":"https:\/\/linitiative.ca\/International\/le-bureau-dirigeant-du-kawkab-de-marrakech-se-separe-de-aziz-el-amri\/"},"modified":"2019-02-19T05:07:38","modified_gmt":"2019-02-19T10:07:38","slug":"le-bureau-dirigeant-du-kawkab-de-marrakech-se-separe-de-aziz-el-amri","status":"publish","type":"post","link":"https:\/\/linitiative.ca\/International\/le-bureau-dirigeant-du-kawkab-de-marrakech-se-separe-de-aziz-el-amri\/","title":{"rendered":"Le bureau dirigeant du Kawkab de Marrakech se s\u00e9pare de Aziz El Amri"},"content":{"rendered":"<div class=\"single-featured\"><img alt=\"\" data-src=\"http:\/\/www.mapmarrakech.ma\/map\/uploads\/2019\/02\/\u00e9quipekacm-copier-2.jpg\"\/><\/div>\n<div class=\"single-post-excerpt post-excerpt-bc\" readability=\"38\">\n<p>Marrakech, 18\/02\/2019 (MAP), Le bureau dirigeant du Kawkab de Marrakech (KACM), section football a d\u00e9cid\u00e9 de se s\u00e9parer de l\u2019entra\u00eeneur de l\u2019\u00e9quipe Aziz El Amri, \u00e0 cause des mauvais r\u00e9sultats enregistr\u00e9s dans les derniers matchs de la Botola Maroc T\u00e9l\u00e9com D1.<\/p>\n<\/div>\n<div class=\"entry-content clearfix single-post-content\" readability=\"68\">\n<p>Selon le porte-parole du club, Berrada Selouane, le bureau dirigeant du club a tenu dimanche soir, une r\u00e9union avec l\u2019entra\u00eeneur Aziz El Amri durant laquelle les deux parties ont convenu de se s\u00e9parer \u00e0 l\u2019amiable.<\/p>\n<p>Dans une d\u00e9claration \u00e0 la MAP, Berrada Selouane a relev\u00e9 que deux mois apr\u00e8s sa nomination \u00e0 la t\u00eate du KACM, le club a perdu 3 matches mais n\u2019en a gagn\u00e9 qu\u2019un seul, ce qui est \u00ab\u00a0ne correspond pas aux aspirations et attentes des supporteurs de l\u2019\u00e9quipe\u00a0\u00bb.<\/p>\n<p>\u00ab\u00a0Aziz El Amri, en tant qu\u2019entra\u00eeneur national dot\u00e9 de grandes comp\u00e9tences techniques et d\u2019une longue exp\u00e9rience, n\u2019a pas pu am\u00e9liorer le classement de l\u2019\u00e9quipe marrakchie et surmonter la situation difficile \u00e0 laquelle il fait face actuellement\u00a0\u00bb, a-t-il ajout\u00e9.<\/p>\n<p>\u00ab\u00a0D\u00e9sormais, c\u2019est un des fils du club, Azzeddine Bennis, qui remplace Aziz El Amri\u00a0\u00bb, a-t-il fait savoir, formulant le v\u0153u que Azzeddine Bennis puisse insuffler une nouvelle dynamique dans l\u2019\u00e9quipe, renforcer l\u2019esprit de combativit\u00e9 dans les joueurs afin de r\u00e9aliser des r\u00e9sultats positifs \u00e0 m\u00eame d\u2019am\u00e9liorer le classement du KACM dans la Botola Maroc T\u00e9l\u00e9com D1.<\/p>\n<p>Pour rappel, le KACM est lanterne rouge avec 16 points. Sur 18 matches, l\u2019\u00e9quipe a r\u00e9alis\u00e9 04 victoires, 04 nuls mais a perdu 10 matchs.<\/p>\n<\/div>\n<p>Auteur: Meriem IGASS<br \/>\n<a href=\"http:\/\/www.mapmarrakech.ma\/fr\/le-bureau-dirigeant-du-kawkab-de-marrakech-se-separe-de-aziz-el-amri\/\">Cliquez ici pour lire l&rsquo;article depuis sa source.<\/a><\/p>\n","protected":false},"excerpt":{"rendered":"<p>Marrakech, 18\/02\/2019 (MAP), Le bureau dirigeant du Kawkab de Marrakech (KACM), section football a d\u00e9cid\u00e9 de se s\u00e9parer de l\u2019entra\u00eeneur de l\u2019\u00e9quipe Aziz El Amri, \u00e0 cause des mauvais r\u00e9sultats enregistr\u00e9s dans les derniers matchs de la Botola Maroc T\u00e9l\u00e9com D1. Selon le porte-parole du club, Berrada Selouane, le bureau dirigeant du club a tenu [&hellip;]<\/p>\n","protected":false},"author":1788,"featured_media":15345,"comment_status":"closed","ping_status":"closed","sticky":false,"template":"","format":"standard","meta":{"fifu_image_url":"","fifu_image_alt":"","footnotes":""},"categories":[54,76],"tags":[],"class_list":["post-15340","post","type-post","status-publish","format-standard","has-post-thumbnail","hentry","category-maroc","category-regions"],"_links":{"self":[{"href":"https:\/\/linitiative.ca\/International\/wp-json\/wp\/v2\/posts\/15340","targetHints":{"allow":["GET"]}}],"collection":[{"href":"https:\/\/linitiative.ca\/International\/wp-json\/wp\/v2\/posts"}],"about":[{"href":"https:\/\/linitiative.ca\/International\/wp-json\/wp\/v2\/types\/post"}],"author":[{"embeddable":true,"href":"https:\/\/linitiative.ca\/International\/wp-json\/wp\/v2\/users\/1788"}],"replies":[{"embeddable":true,"href":"https:\/\/linitiative.ca\/International\/wp-json\/wp\/v2\/comments?post=15340"}],"version-history":[{"count":0,"href":"https:\/\/linitiative.ca\/International\/wp-json\/wp\/v2\/posts\/15340\/revisions"}],"wp:featuredmedia":[{"embeddable":true,"href":"https:\/\/linitiative.ca\/International\/wp-json\/"}],"wp:attachment":[{"href":"https:\/\/linitiative.ca\/International\/wp-json\/wp\/v2\/media?parent=15340"}],"wp:term":[{"taxonomy":"category","embeddable":true,"href":"https:\/\/linitiative.ca\/International\/wp-json\/wp\/v2\/categories?post=15340"},{"taxonomy":"post_tag","embeddable":true,"href":"https:\/\/linitiative.ca\/International\/wp-json\/wp\/v2\/tags?post=15340"}],"curies":[{"name":"wp","href":"https:\/\/api.w.org\/{rel}","templated":true}]}}