{"id":153426,"date":"2022-07-26T08:40:20","date_gmt":"2022-07-26T12:40:20","guid":{"rendered":"https:\/\/linitiative.ca\/International\/des-projets-prometteurs-verront-le-jour-dans-loriental\/"},"modified":"2022-07-26T08:40:20","modified_gmt":"2022-07-26T12:40:20","slug":"des-projets-prometteurs-verront-le-jour-dans-loriental","status":"publish","type":"post","link":"https:\/\/linitiative.ca\/International\/des-projets-prometteurs-verront-le-jour-dans-loriental\/","title":{"rendered":"Des projets prometteurs verront le jour  dans l\u2019Oriental"},"content":{"rendered":"<div>\n<p><img decoding=\"async\" width=\"300\" height=\"153\" src=\"https:\/\/linitiative.ca\/International\/wp-content\/uploads\/sites\/23\/2022\/07\/Ryad-Mezzour-Meet-The-Lead-300x153-1.jpg\" class=\"attachment-medium size-medium wp-post-image\" alt=\"\" loading=\"lazy\" srcset=\"https:\/\/linitiative.ca\/International\/wp-content\/uploads\/sites\/23\/2022\/07\/Ryad-Mezzour-Meet-The-Lead-300x153-1.jpg 300w, https:\/\/aujourdhui.ma\/wp-content\/uploads\/2022\/07\/Ryad-Mezzour-Meet-The-Lead--274x140.jpg 274w, https:\/\/aujourdhui.ma\/wp-content\/uploads\/2022\/07\/Ryad-Mezzour-Meet-The-Lead-.jpg 746w, https:\/\/aujourdhui.ma\/wp-content\/uploads\/2022\/07\/Ryad-Mezzour-Meet-The-Lead--165x84.jpg 165w, https:\/\/aujourdhui.ma\/wp-content\/uploads\/2022\/07\/Ryad-Mezzour-Meet-The-Lead--702x358.jpg 702w\" sizes=\"auto, (max-width: 300px) 100vw, 300px\"><\/p>\n<p><span style=\"font-size: 20px; color: #800000;\"><strong>Annonc\u00e9 lors de la 5\u00e8me \u00e9dition du Meet The Lead<\/strong><\/span><span id=\"more-413964\"><\/span><\/p>\n<p>Les potentialit\u00e9s \u00e9conomiques de l\u2019Oriental ont \u00e9t\u00e9 mises en avant lors de la 5\u00e8me \u00e9dition du Meet The Lead, organis\u00e9e du 21 au 23 juillet dans la r\u00e9gion par la Fondation Startup Grow. Ce rendez-vous a \u00e9t\u00e9 une occasion pour mettre en exergue les grands chantiers ouverts dans ce territoire donnant ainsi un avant-go\u00fbt aux investisseurs potentiels pour contribuer \u00e0 l\u2019essor \u00e9conomique et social de la r\u00e9gion. Intervenant dans ce sens, Ryad Mezzour a indiqu\u00e9 que l\u2019Oriental deviendra bient\u00f4t l\u2019une des importantes locomotives de d\u00e9veloppement du Royaume. Une ambition port\u00e9e par les nouvelles infrastructures mises sur les rails, en l\u2019occurrence le m\u00e9gaprojet Nador West Med.<\/p>\n<p>Le ministre de l\u2019\u00e9conomie et du commerce a soulign\u00e9 dans ce sens l\u2019int\u00e9r\u00eat croissant des investisseurs pour le d\u00e9veloppement de cette r\u00e9gion, avec la signature prochaine de plusieurs conventions visant la cr\u00e9ation de 3.500 emplois directs et 5.000 indirects. \u00abDes projets prometteurs pouvant g\u00e9n\u00e9rer plus de 10.000 emplois directs et 15.000 emplois indirects seront cr\u00e9\u00e9s durant les prochains mois, en plus des grands chantiers pens\u00e9s par le minist\u00e8re du commerce et de l\u2019industrie pour accompagner l\u2019ouverture du grand port de Nador\u00bb, rel\u00e8ve-t-on de M. Mezzour. Le ministre a, par ailleurs, assur\u00e9 que les structures du minist\u00e8re, aux niveaux central et r\u00e9gional, poursuivront leur coordination avec le Centre r\u00e9gional d\u2019investissement (CRI) et d\u2019autres partenaires. La finalit\u00e9 \u00e9tant de soutenir l\u2019initiative entrepreneuriale et financer davantage de projets industriels dans la r\u00e9gion. Le ministre appelle dans ce sens les diff\u00e9rents acteurs et responsables de la r\u00e9gion \u00e0 agir pour instaurer le climat appropri\u00e9 \u00e0 l\u2019investissement et soutenir les porteurs de projets.<\/p>\n<p>De leur c\u00f4t\u00e9, les participants \u00e0 cette rencontre ont mis en exergue les diff\u00e9rents projets de d\u00e9veloppement en cours de r\u00e9alisation dans la r\u00e9gion et les efforts d\u00e9ploy\u00e9s pour r\u00e9aliser le d\u00e9veloppement escompt\u00e9.<br \/>\nA cet \u00e9gard, Mouad Jamai, wali de la r\u00e9gion de l\u2019Oriental, gouverneur de la pr\u00e9fecture Oujda-Angad, a mis en relief les potentialit\u00e9s de la r\u00e9gion et les efforts d\u00e9ploy\u00e9s par les diff\u00e9rents acteurs pour renforcer le d\u00e9veloppement \u00e9conomique local en vue d\u2019accro\u00eetre la comp\u00e9titivit\u00e9 de l\u2019Oriental sur les plans local et \u00e0 l\u2019international, appelant \u00e0 l\u2019intensification des efforts afin de renforcer le rayonnement de la r\u00e9gion de l\u2019Oriental au niveau national.<\/p>\n<p>Pour sa part, le pr\u00e9sident de l\u2019Universit\u00e9 Mohammed 1er d\u2019Oujda, Yassine Zaghloul, a indiqu\u00e9 que cet \u00e9tablissement soutient la formation dans le domaine du num\u00e9rique, par la formation de 1.000 \u00e9tudiants chaque ann\u00e9e dans plusieurs fili\u00e8res leur permettant d\u2019int\u00e9grer directement le march\u00e9 du travail. Dans le m\u00eame contexte, le pr\u00e9sident du Conseil de la r\u00e9gion de l\u2019Oriental, Abdenbi Ba\u00e2oui, s\u2019est f\u00e9licit\u00e9 des rencontres tenues dans le cadre de ce forum \u00e0 Nador et Oujda, soulignant que le secteur du num\u00e9rique constitue l\u2019une des priorit\u00e9s les plus importantes du Conseil au cours de ce mandat. M. Ba\u00e2oui a expliqu\u00e9 que le Conseil a sign\u00e9 un ensemble de conventions avec le minist\u00e8re charg\u00e9 de la transition num\u00e9rique et de la r\u00e9forme de l\u2019administration, le minist\u00e8re de la jeunesse, de la culture et de la communication ainsi que l\u2019universit\u00e9 Mohammed 1er dans ce domaine, pr\u00e9cisant que le premier projet verra le jour dans les prochaines semaines et permettra la cr\u00e9ation de plus de 500 emplois.<\/p>\n<p>A noter que la 5\u00e8me \u00e9dition de \u00abMeet The lead\u00bb s\u2019est d\u00e9roul\u00e9e entre Nador et Oujda. Elle a \u00e9t\u00e9 consacr\u00e9e aux \u00e9volutions technologiques et aux moyens de d\u00e9velopper le secteur num\u00e9rique dans la r\u00e9gion de l\u2019Oriental, avec la participation d\u2019experts marocains et \u00e9trangers du monde du num\u00e9rique et de l\u2019innovation, ainsi que plusieurs officiels et personnalit\u00e9s. Cette \u00e9dition a connu l\u2019organisation d\u2019une s\u00e9rie de rencontres et d\u2019ateliers qui traitent de sujets li\u00e9s \u00e0 l\u2019avenir de la r\u00e9gion en tant qu\u2019espace de r\u00e9flexion et de d\u00e9veloppement, tels que la technologie agricole, l\u2019eau, les changements climatiques, les services bancaires et financiers ainsi que l\u2019exploitation mini\u00e8re intelligente, avec la participation de nombreux acteurs et experts du Maroc et d\u2019autres pays tels que les \u00c9tats-Unis d\u2019Am\u00e9rique, la France, la Turquie, le Royaume-Uni, l\u2019Allemagne, le Gabon, le Portugal, la C\u00f4te d\u2019Ivoire, le S\u00e9n\u00e9gal et d\u2019autres.<\/p>\n<\/div>\n<p>Auteur: ALM<br \/>\n<a href=\"https:\/\/aujourdhui.ma\/economie\/des-projets-prometteurs-verront-le-jour-dans-loriental\">Cliquez ici pour lire l&rsquo;article depuis sa source.<\/a><\/p>\n","protected":false},"excerpt":{"rendered":"<p>Annonc\u00e9 lors de la 5\u00e8me \u00e9dition du Meet The Lead Les potentialit\u00e9s \u00e9conomiques de l\u2019Oriental ont \u00e9t\u00e9 mises en avant lors de la 5\u00e8me \u00e9dition du Meet The Lead, organis\u00e9e du 21 au 23 juillet dans la r\u00e9gion par la Fondation Startup Grow. Ce rendez-vous a \u00e9t\u00e9 une occasion pour mettre en exergue les grands [&hellip;]<\/p>\n","protected":false},"author":1759,"featured_media":0,"comment_status":"closed","ping_status":"closed","sticky":false,"template":"","format":"standard","meta":{"fifu_image_url":"https:\/\/aujourdhui.ma\/wp-content\/uploads\/2022\/07\/Ryad-Mezzour-Meet-The-Lead--300x153.jpg","fifu_image_alt":"Des projets prometteurs verront le jour  dans l\u2019Oriental","footnotes":""},"categories":[73,54],"tags":[],"class_list":["post-153426","post","type-post","status-publish","format-standard","hentry","category-actualite","category-maroc"],"_links":{"self":[{"href":"https:\/\/linitiative.ca\/International\/wp-json\/wp\/v2\/posts\/153426","targetHints":{"allow":["GET"]}}],"collection":[{"href":"https:\/\/linitiative.ca\/International\/wp-json\/wp\/v2\/posts"}],"about":[{"href":"https:\/\/linitiative.ca\/International\/wp-json\/wp\/v2\/types\/post"}],"author":[{"embeddable":true,"href":"https:\/\/linitiative.ca\/International\/wp-json\/wp\/v2\/users\/1759"}],"replies":[{"embeddable":true,"href":"https:\/\/linitiative.ca\/International\/wp-json\/wp\/v2\/comments?post=153426"}],"version-history":[{"count":0,"href":"https:\/\/linitiative.ca\/International\/wp-json\/wp\/v2\/posts\/153426\/revisions"}],"wp:attachment":[{"href":"https:\/\/linitiative.ca\/International\/wp-json\/wp\/v2\/media?parent=153426"}],"wp:term":[{"taxonomy":"category","embeddable":true,"href":"https:\/\/linitiative.ca\/International\/wp-json\/wp\/v2\/categories?post=153426"},{"taxonomy":"post_tag","embeddable":true,"href":"https:\/\/linitiative.ca\/International\/wp-json\/wp\/v2\/tags?post=153426"}],"curies":[{"name":"wp","href":"https:\/\/api.w.org\/{rel}","templated":true}]}}