{"id":153472,"date":"2022-07-26T09:23:41","date_gmt":"2022-07-26T13:23:41","guid":{"rendered":"https:\/\/linitiative.ca\/International\/conge-de-paternite-la-chambre-des-representants-adopte-le-projet-de-loi\/"},"modified":"2022-07-26T09:23:41","modified_gmt":"2022-07-26T13:23:41","slug":"conge-de-paternite-la-chambre-des-representants-adopte-le-projet-de-loi","status":"publish","type":"post","link":"https:\/\/linitiative.ca\/International\/conge-de-paternite-la-chambre-des-representants-adopte-le-projet-de-loi\/","title":{"rendered":"Cong\u00e9 de paternit\u00e9. La Chambre des repr\u00e9sentants adopte le projet de loi"},"content":{"rendered":"<div><img decoding=\"async\" width=\"800\" height=\"450\" src=\"https:\/\/linitiative.ca\/International\/wp-content\/uploads\/sites\/23\/2022\/07\/Paternite-e1658841810159.jpg\" class=\"attachment-post-thumbnail size-post-thumbnail wp-post-image\" alt=\"\" loading=\"lazy\" srcset=\"https:\/\/linitiative.ca\/International\/wp-content\/uploads\/sites\/23\/2022\/07\/Paternite-e1658841810159.jpg 800w, https:\/\/www.challenge.ma\/wp-content\/uploads\/2022\/07\/Paternite-e1658841810159-300x169.jpg 300w, https:\/\/www.challenge.ma\/wp-content\/uploads\/2022\/07\/Paternite-e1658841810159-768x432.jpg 768w, https:\/\/www.challenge.ma\/wp-content\/uploads\/2022\/07\/Paternite-e1658841810159-360x203.jpg 360w, https:\/\/www.challenge.ma\/wp-content\/uploads\/2022\/07\/Paternite-e1658841810159-750x422.jpg 750w\" sizes=\"auto, (max-width: 800px) 100vw, 800px\" itemprop=\"image\">La Chambre des Repr\u00e9sentants a adopt\u00e9, lundi \u00e0 l\u2019unanimit\u00e9, le projet de loi n\u00b0 30.22 modifiant et compl\u00e9tant le Dahir n\u00b0 1.58.008 publi\u00e9 le 04 Ch\u00e2abane 1377 (24 f\u00e9vrier 1958), portant statut g\u00e9n\u00e9ral de la fonction publique. Pr\u00e9sentant ce projet de loi, la ministre d\u00e9l\u00e9gu\u00e9e charg\u00e9e de la Transition num\u00e9rique<\/div>\n<p>Auteur: Mehdi Ouazzani<br \/>\n<a href=\"https:\/\/www.challenge.ma\/conge-de-paternite-la-chambre-des-representants-adopte-le-projet-de-loi-243031\/\">Cliquez ici pour lire l&rsquo;article depuis sa source.<\/a><\/p>\n","protected":false},"excerpt":{"rendered":"<p>La Chambre des Repr\u00e9sentants a adopt\u00e9, lundi \u00e0 l\u2019unanimit\u00e9, le projet de loi n\u00b0 30.22 modifiant et compl\u00e9tant le Dahir n\u00b0 1.58.008 publi\u00e9 le 04 Ch\u00e2abane 1377 (24 f\u00e9vrier 1958), portant statut g\u00e9n\u00e9ral de la fonction publique. Pr\u00e9sentant ce projet de loi, la ministre d\u00e9l\u00e9gu\u00e9e charg\u00e9e de la Transition num\u00e9rique Auteur: Mehdi Ouazzani Cliquez ici [&hellip;]<\/p>\n","protected":false},"author":1787,"featured_media":0,"comment_status":"closed","ping_status":"closed","sticky":false,"template":"","format":"standard","meta":{"fifu_image_url":"https:\/\/www.challenge.ma\/wp-content\/uploads\/2022\/07\/Paternite-e1658841810159.jpg","fifu_image_alt":"Cong\u00e9 de paternit\u00e9. La Chambre des repr\u00e9sentants adopte le projet de loi","footnotes":""},"categories":[78,54],"tags":[],"class_list":["post-153472","post","type-post","status-publish","format-standard","hentry","category-economie","category-maroc"],"_links":{"self":[{"href":"https:\/\/linitiative.ca\/International\/wp-json\/wp\/v2\/posts\/153472","targetHints":{"allow":["GET"]}}],"collection":[{"href":"https:\/\/linitiative.ca\/International\/wp-json\/wp\/v2\/posts"}],"about":[{"href":"https:\/\/linitiative.ca\/International\/wp-json\/wp\/v2\/types\/post"}],"author":[{"embeddable":true,"href":"https:\/\/linitiative.ca\/International\/wp-json\/wp\/v2\/users\/1787"}],"replies":[{"embeddable":true,"href":"https:\/\/linitiative.ca\/International\/wp-json\/wp\/v2\/comments?post=153472"}],"version-history":[{"count":0,"href":"https:\/\/linitiative.ca\/International\/wp-json\/wp\/v2\/posts\/153472\/revisions"}],"wp:attachment":[{"href":"https:\/\/linitiative.ca\/International\/wp-json\/wp\/v2\/media?parent=153472"}],"wp:term":[{"taxonomy":"category","embeddable":true,"href":"https:\/\/linitiative.ca\/International\/wp-json\/wp\/v2\/categories?post=153472"},{"taxonomy":"post_tag","embeddable":true,"href":"https:\/\/linitiative.ca\/International\/wp-json\/wp\/v2\/tags?post=153472"}],"curies":[{"name":"wp","href":"https:\/\/api.w.org\/{rel}","templated":true}]}}