{"id":153556,"date":"2022-07-27T15:05:00","date_gmt":"2022-07-27T19:05:00","guid":{"rendered":"https:\/\/linitiative.ca\/International\/la-creation-du-registre-national-agricole-sur-les-bons-rails\/"},"modified":"2022-07-27T15:05:00","modified_gmt":"2022-07-27T19:05:00","slug":"la-creation-du-registre-national-agricole-sur-les-bons-rails","status":"publish","type":"post","link":"https:\/\/linitiative.ca\/International\/la-creation-du-registre-national-agricole-sur-les-bons-rails\/","title":{"rendered":"La cr\u00e9ation du registre national agricole sur les bons rails"},"content":{"rendered":"<div><img decoding=\"async\" width=\"925\" height=\"430\" src=\"https:\/\/linitiative.ca\/International\/wp-content\/uploads\/sites\/23\/2022\/07\/baitass.jpg\" class=\"attachment-post-thumbnail size-post-thumbnail wp-post-image\" alt=\"\" loading=\"lazy\" srcset=\"https:\/\/linitiative.ca\/International\/wp-content\/uploads\/sites\/23\/2022\/07\/baitass.jpg 925w, https:\/\/www.challenge.ma\/wp-content\/uploads\/2021\/11\/baitass-300x139.jpg 300w, https:\/\/www.challenge.ma\/wp-content\/uploads\/2021\/11\/baitass-768x357.jpg 768w, https:\/\/www.challenge.ma\/wp-content\/uploads\/2021\/11\/baitass-360x167.jpg 360w, https:\/\/www.challenge.ma\/wp-content\/uploads\/2021\/11\/baitass-750x349.jpg 750w\" sizes=\"auto, (max-width: 925px) 100vw, 925px\" itemprop=\"image\">Le Conseil de gouvernement a adopt\u00e9 le 27 juillet le projet de d\u00e9cret n\u00b02.22.472 pris pour application de la loi n\u00b080.21 portant cr\u00e9ation du registre national agricole. Il s\u2019agit d\u2019un projet de d\u00e9cret qui s\u2019inscrit dans le cadre des r\u00e9formes visant \u00e0 r\u00e9aliser les objectifs et orientations de la strat\u00e9gie<\/div>\n<p>Auteur: Roland Amoussou<br \/>\n<a href=\"https:\/\/www.challenge.ma\/la-creation-du-registre-national-agricole-sur-les-bons-rails-243079\/\">Cliquez ici pour lire l&rsquo;article depuis sa source.<\/a><\/p>\n","protected":false},"excerpt":{"rendered":"<p>Le Conseil de gouvernement a adopt\u00e9 le 27 juillet le projet de d\u00e9cret n\u00b02.22.472 pris pour application de la loi n\u00b080.21 portant cr\u00e9ation du registre national agricole. Il s\u2019agit d\u2019un projet de d\u00e9cret qui s\u2019inscrit dans le cadre des r\u00e9formes visant \u00e0 r\u00e9aliser les objectifs et orientations de la strat\u00e9gie Auteur: Roland Amoussou Cliquez ici [&hellip;]<\/p>\n","protected":false},"author":1787,"featured_media":0,"comment_status":"closed","ping_status":"closed","sticky":false,"template":"","format":"standard","meta":{"fifu_image_url":"https:\/\/www.challenge.ma\/wp-content\/uploads\/2021\/11\/baitass.jpg","fifu_image_alt":"La cr\u00e9ation du registre national agricole sur les bons rails","footnotes":""},"categories":[78,54],"tags":[],"class_list":["post-153556","post","type-post","status-publish","format-standard","hentry","category-economie","category-maroc"],"_links":{"self":[{"href":"https:\/\/linitiative.ca\/International\/wp-json\/wp\/v2\/posts\/153556","targetHints":{"allow":["GET"]}}],"collection":[{"href":"https:\/\/linitiative.ca\/International\/wp-json\/wp\/v2\/posts"}],"about":[{"href":"https:\/\/linitiative.ca\/International\/wp-json\/wp\/v2\/types\/post"}],"author":[{"embeddable":true,"href":"https:\/\/linitiative.ca\/International\/wp-json\/wp\/v2\/users\/1787"}],"replies":[{"embeddable":true,"href":"https:\/\/linitiative.ca\/International\/wp-json\/wp\/v2\/comments?post=153556"}],"version-history":[{"count":0,"href":"https:\/\/linitiative.ca\/International\/wp-json\/wp\/v2\/posts\/153556\/revisions"}],"wp:attachment":[{"href":"https:\/\/linitiative.ca\/International\/wp-json\/wp\/v2\/media?parent=153556"}],"wp:term":[{"taxonomy":"category","embeddable":true,"href":"https:\/\/linitiative.ca\/International\/wp-json\/wp\/v2\/categories?post=153556"},{"taxonomy":"post_tag","embeddable":true,"href":"https:\/\/linitiative.ca\/International\/wp-json\/wp\/v2\/tags?post=153556"}],"curies":[{"name":"wp","href":"https:\/\/api.w.org\/{rel}","templated":true}]}}