{"id":15358,"date":"2019-02-19T05:00:00","date_gmt":"2019-02-19T10:00:00","guid":{"rendered":"https:\/\/linitiative.ca\/International\/maroc-espagne-les-chefs-dentreprise-fixent-de-nouveaux-perimetres\/"},"modified":"2019-02-19T05:00:00","modified_gmt":"2019-02-19T10:00:00","slug":"maroc-espagne-les-chefs-dentreprise-fixent-de-nouveaux-perimetres","status":"publish","type":"post","link":"https:\/\/linitiative.ca\/International\/maroc-espagne-les-chefs-dentreprise-fixent-de-nouveaux-perimetres\/","title":{"rendered":"<div>Maroc-Espagne: Les chefs d&rsquo;entreprise fixent de nouveaux p\u00e9rim\u00e8tres<\/div>"},"content":{"rendered":"<div readability=\"36\">\n<p>Les patronats espagnol et marocain veulent acc\u00e9l\u00e9rer le business<\/p>\n<p>Diversification, compl\u00e9mentarit\u00e9, int\u00e9gration industrielle&#8230;<\/p>\n<\/div>\n<div readability=\"112\">\n<p class=\"rtejustify\">\u00abMaroc-Espagne: des partenaires strat\u00e9giques pour une croissance partag\u00e9e\u00bb. C&rsquo;est la th\u00e9matique centrale retenue lors des travaux de la rencontre \u00e9conomique organis\u00e9e par la CGEM et le patronat espagnol (CEOE). L&rsquo;\u00e9v\u00e8nement a \u00e9t\u00e9 organis\u00e9 jeudi dernier \u00e0 Rabat, en marge de la visite du Roi Felipe VI d&rsquo;Espagne.<\/p>\n<p class=\"rtejustify\">Une rencontre qui s&rsquo;est tenue en partenariat avec le Conseil \u00e9conomique Maroc-Espagne (CEMAES). Un cadre de collaboration cens\u00e9 approfondir la coop\u00e9ration entre les deux pays, multiplier les synergies, voire am\u00e9liorer la comp\u00e9titivit\u00e9 vis-\u00e0-vis des autres pays.<\/p>\n<p class=\"rtejustify\">L&rsquo;objectif aujourd&rsquo;hui est d&rsquo;acc\u00e9l\u00e9rer le volume des \u00e9changes dans les deux sens, favoriser encore plus les IDE, encourager les entreprises espagnoles \u00e0 s&rsquo;installer et investir au Maroc et vice versa. D\u00e9sormais, l&rsquo;accent sera mis sur les nouvelles opportunit\u00e9s d&rsquo;affaires et d&rsquo;investissements entre les deux rives de la M\u00e9diterran\u00e9e et\u00a0 surtout promouvoir les \u00e9changes et les partenariats multisectoriels.<\/p>\n<p class=\"rtejustify\">Tout l&rsquo;enjeu consiste \u00e0 optimiser la coop\u00e9ration et l&rsquo;investissement sur les nouveaux m\u00e9tiers porteurs de croissance partag\u00e9e dans une logique d&rsquo;optimisation de la notion d&rsquo;int\u00e9gration industrielle.<\/p>\n<p class=\"rtecenter\"><strong>Pousser plus loin la coop\u00e9ration<\/strong><\/p>\n<p class=\"rtejustify\">Il va sans dire que les fondamentaux sont solides. L&rsquo;Espagne est le 1er partenaire commercial du Maroc depuis 5 ans, les \u00e9changes commerciaux ont \u00e9t\u00e9 multipli\u00e9s par 2 depuis 2011.\u00a0 En effet, les exportations espagnoles au Maroc ont atteint les 8 milliards d&rsquo;euros en 2017, contre 4,13 milliards en 2011. Sur la m\u00eame p\u00e9riode, l&rsquo;offre exportable marocaine est pass\u00e9e de 3,1 milliards \u00e0 6,35 milliards d&rsquo;euros.<\/p>\n<p class=\"rtejustify\">Selon le pr\u00e9sident de la CGEM, Salaheddine Mezouar, \u00able Conseil \u00e9conomique Maroc-Espagne a un r\u00f4le tr\u00e8s important \u00e0 jouer afin de promouvoir davantage les \u00e9changes entre les deux pays. Il permettra non seulement de renforcer les relations, mais aussi de fixer de nouveaux objectifs dans une logique de diversification des partenariats sectoriels et strat\u00e9giques. Tout le d\u00e9fi est de pousser le plus loin possible la coop\u00e9ration \u00e9conomique, faire jouer les synergies et la compl\u00e9mentarit\u00e9.<\/p>\n<p class=\"rtejustify\">Pour le pr\u00e9sident du patronat espagnol, Antonio Garamendi, il y a de grands acquis sur lesquels il va falloir capitaliser. Il cite \u00e0 titre d&rsquo;exemple le fait que plusieurs entreprises espagnoles op\u00e8rent d\u00e9j\u00e0 au Maroc dans des secteurs \u00e0 forte valeur ajout\u00e9e, notamment l&rsquo;automobile, les technologies, l&rsquo;\u00e9nergie, le transport, la logistique, les infrastructures, les finances&#8230;<\/p>\n<p class=\"rtejustify\">\u00abC&rsquo;est une porte vers l&rsquo;Afrique que le Maroc ouvre pour les entreprises espagnoles et europ\u00e9ennes\u00bb, soutient Antonio Garamendi, le patron des patrons espagnols.\u00a0 Dans le m\u00eame ordre d\u2019id\u00e9es, Mario Rotllant Sola, co-pr\u00e9sident du CEMAES, a invit\u00e9 les entreprises espagnoles \u00e0 tirer parti des opportunit\u00e9s et des atouts offerts par le Maroc. Selon lui, \u00able Maroc est un important p\u00f4le \u00e9conomique et financier et une grande plateforme de production et d&rsquo;exportation vers l&rsquo;Afrique\u00bb.<\/p>\n<p class=\"rtejustify\">Pour donner un nouvel \u00e9lan aux \u00e9changes et aux IDE, il va falloir montrer l&rsquo;exemple. Salaheddine Kadmiri, co-pr\u00e9sident du CEMAES, exhorte les grandes entreprises \u00e0 jouer un r\u00f4le fondamental pour une croissance et une valeur ajout\u00e9e partag\u00e9es. Tout le d\u00e9fi r\u00e9side dans la capacit\u00e9 des op\u00e9rateurs \u00e0 concevoir une vision commune bas\u00e9e sur la co-localisation, le co-d\u00e9veloppement,\u00a0 la compl\u00e9mentarit\u00e9 ou encore le transfert de technologies.<\/p>\n<p class=\"rtejustify\"><em>A. R.<\/em><\/p>\n<\/div>\n<p>Auteur: hlafriqi<br \/>\n<a href=\"https:\/\/www.leconomiste.com\/article\/1040941-maroc-espagne-les-chefs-d-entreprise-fixent-de-nouveaux-perimetres\">Cliquez ici pour lire l&rsquo;article depuis sa source.<\/a><\/p>\n","protected":false},"excerpt":{"rendered":"<p>Les patronats espagnol et marocain veulent acc\u00e9l\u00e9rer le business Diversification, compl\u00e9mentarit\u00e9, int\u00e9gration industrielle&#8230; \u00abMaroc-Espagne: des partenaires strat\u00e9giques pour une croissance partag\u00e9e\u00bb. C&rsquo;est la th\u00e9matique centrale retenue lors des travaux de la rencontre \u00e9conomique organis\u00e9e par la CGEM et le patronat espagnol (CEOE). L&rsquo;\u00e9v\u00e8nement a \u00e9t\u00e9 organis\u00e9 jeudi dernier \u00e0 Rabat, en marge de la visite [&hellip;]<\/p>\n","protected":false},"author":1763,"featured_media":0,"comment_status":"closed","ping_status":"closed","sticky":false,"template":"","format":"standard","meta":{"fifu_image_url":"","fifu_image_alt":"","footnotes":""},"categories":[78,54],"tags":[],"class_list":["post-15358","post","type-post","status-publish","format-standard","hentry","category-economie","category-maroc"],"_links":{"self":[{"href":"https:\/\/linitiative.ca\/International\/wp-json\/wp\/v2\/posts\/15358","targetHints":{"allow":["GET"]}}],"collection":[{"href":"https:\/\/linitiative.ca\/International\/wp-json\/wp\/v2\/posts"}],"about":[{"href":"https:\/\/linitiative.ca\/International\/wp-json\/wp\/v2\/types\/post"}],"author":[{"embeddable":true,"href":"https:\/\/linitiative.ca\/International\/wp-json\/wp\/v2\/users\/1763"}],"replies":[{"embeddable":true,"href":"https:\/\/linitiative.ca\/International\/wp-json\/wp\/v2\/comments?post=15358"}],"version-history":[{"count":0,"href":"https:\/\/linitiative.ca\/International\/wp-json\/wp\/v2\/posts\/15358\/revisions"}],"wp:attachment":[{"href":"https:\/\/linitiative.ca\/International\/wp-json\/wp\/v2\/media?parent=15358"}],"wp:term":[{"taxonomy":"category","embeddable":true,"href":"https:\/\/linitiative.ca\/International\/wp-json\/wp\/v2\/categories?post=15358"},{"taxonomy":"post_tag","embeddable":true,"href":"https:\/\/linitiative.ca\/International\/wp-json\/wp\/v2\/tags?post=15358"}],"curies":[{"name":"wp","href":"https:\/\/api.w.org\/{rel}","templated":true}]}}