{"id":15361,"date":"2019-02-19T08:50:06","date_gmt":"2019-02-19T13:50:06","guid":{"rendered":"https:\/\/linitiative.ca\/International\/presidentielle-au-nigeria-lopposition-accuse-le-gouvernement-de-preparer-des-fraudes\/"},"modified":"2019-02-19T08:50:06","modified_gmt":"2019-02-19T13:50:06","slug":"presidentielle-au-nigeria-lopposition-accuse-le-gouvernement-de-preparer-des-fraudes","status":"publish","type":"post","link":"https:\/\/linitiative.ca\/International\/presidentielle-au-nigeria-lopposition-accuse-le-gouvernement-de-preparer-des-fraudes\/","title":{"rendered":"Pr\u00e9sidentielle au Nigeria: l\u2019opposition accuse le gouvernement de pr\u00e9parer des fraudes"},"content":{"rendered":"<div readability=\"32\">\n<p>Publi\u00e9 le 19.02.2019 \u00e0 14h50 par AFP<\/p>\n<\/div>\n<div readability=\"100\">\n<p>Le principal parti d\u2019opposition a accus\u00e9 mardi le gouvernement nig\u00e9rian de \u00ab\u00a0contr\u00f4ler\u00a0\u00bb la Commission \u00e9lectorale et de pr\u00e9parer des fraudes massives lors du scrutin de samedi.<\/p>\n<p>\u00ab\u00a0Les Nig\u00e9rians savent tr\u00e8s bien que l\u2019INEC (Commission \u00e9lectorale ind\u00e9pendante) est sous contr\u00f4le total du gouvernement\u00a0\u00bb, a d\u00e9clar\u00e9 Uche Secondus, le directeur de campagne du Parti Populaire D\u00e9mocratique (PDP), lors d\u2019une r\u00e9union d\u2019urgence, suite au report de la pr\u00e9sidentielle initialement pr\u00e9vue le 16 f\u00e9vrier.<\/p>\n<p>L\u2019ambiance \u00e9tait tr\u00e8s tendue dans la salle o\u00f9 s\u2019\u00e9taient r\u00e9unis tous les leaders du parti de l\u2019opposition, dont le candidat Atiku Abubakar, pr\u00e9sent\u00e9 comme le \u00ab\u00a0prochain pr\u00e9sident de la R\u00e9publique F\u00e9d\u00e9rale du Nigeria\u00a0\u00bb.<\/p>\n<p>Secondus a directement accus\u00e9 le Congr\u00e8s des Progressistes (APC) d\u2019organiser des fraudes massives. \u00ab\u00a0Nous avons la preuve que plus d\u2019un million d\u2019\u00e9lecteurs fant\u00f4mes vont voter pour ces \u00e9lections\u00a0\u00bb, a-t-il affirm\u00e9, sans dire quelles \u00e9taient ces preuves exactement.<\/p>\n<p>Il a \u00e9galement accus\u00e9 l\u2019INEC d\u2019avoir install\u00e9 de nombreux bureaux de vote le long des fronti\u00e8res avec le Niger et le Cameroun, pour faire voter des ressortissants \u00e9trangers.<\/p>\n<p>Enfin, le directeur de campagne a affirm\u00e9 que le programme informatique de l\u2019INEC avait \u00e9t\u00e9 infiltr\u00e9 par des virus. \u00ab\u00a0L\u2019INEC doit nettoyer son syst\u00e8me avant le 23 f\u00e9vrier\u00a0\u00bb, a insist\u00e9 Secondus.<\/p>\n<p>Lundi, l\u2019APC a \u00e9galement tenu une r\u00e9union extraordinaire, o\u00f9 le pr\u00e9sident Muhammadu Buhari a appel\u00e9 l\u2019arm\u00e9e \u00e0 \u00eatre \u00ab\u00a0sans piti\u00e9\u00a0\u00bb contre les fraudeurs.<\/p>\n<p><ins data-revive-zoneid=\"9\" data-revive-id=\"10111e19d28d19d031742ee3b0b33eb0\"\/> <\/p>\n<p>\u00ab\u00a0\u00c7a sera probablement le dernier acte criminel qu\u2019il (le fraudeur) commettra\u00a0\u00bb, a martel\u00e9 l\u2019ancien g\u00e9n\u00e9ral, qui avait d\u00e9j\u00e0 dirig\u00e9 le Nigeria en 1983 pendant les dictatures militaires.<\/p>\n<p>Cet appel a \u00e9t\u00e9 per\u00e7u comme un appel \u00e0 la haine et aux crimes extra-judiciaires, dans un pays instable o\u00f9 les violences post-\u00e9lectorales sont communes.<\/p>\n<p>Le report des \u00e9lections pr\u00e9sidentielle, l\u00e9gislatives et s\u00e9natoriales du 16 au 23 f\u00e9vrier marque un tr\u00e8s clair changement de ton entre les deux principaux partis, qui s\u2019accusent mutuellement de saboter le scrutin.<\/p>\n<p>En 2011, les \u00e9lections g\u00e9n\u00e9rales avaient \u00e9t\u00e9 retard\u00e9es deux fois. Le Nigeria s\u2019\u00e9tait ensuite embras\u00e9 dans des violences post-\u00e9lectorales entre chr\u00e9tiens et musulmans qui avaient fait plus de 1.000 morts \u00e0 travers le pays.<\/p>\n<p>En 2015, le gouvernement du pr\u00e9sident Goodluck Jonathan avait \u00e9galement report\u00e9 le scrutin de six semaines, arguant des probl\u00e8mes de s\u00e9curit\u00e9 dans le Nord-Est, apr\u00e8s des ann\u00e9es d\u2019enlisement du conflit contre les jihadistes de Boko Haram.<\/p>\n<p>Il avait perdu contre Muhammadu Buhari et accept\u00e9 presque aussit\u00f4t sa d\u00e9faite, marquant la premi\u00e8re transition de l\u2019opposition dans ce pays de 190 millions d\u2019habitants.<\/p>\n<\/div>\n<p>Auteur: AFP<br \/>\n<a href=\"https:\/\/www.journalducameroun.com\/presidentielle-au-nigeria-lopposition-accuse-le-gouvernement-de-preparer-des-fraudes\/\">Cliquez ici pour lire l&rsquo;article depuis sa source.<\/a><\/p>\n","protected":false},"excerpt":{"rendered":"<p>Publi\u00e9 le 19.02.2019 \u00e0 14h50 par AFP Le principal parti d\u2019opposition a accus\u00e9 mardi le gouvernement nig\u00e9rian de \u00ab\u00a0contr\u00f4ler\u00a0\u00bb la Commission \u00e9lectorale et de pr\u00e9parer des fraudes massives lors du scrutin de samedi. \u00ab\u00a0Les Nig\u00e9rians savent tr\u00e8s bien que l\u2019INEC (Commission \u00e9lectorale ind\u00e9pendante) est sous contr\u00f4le total du gouvernement\u00a0\u00bb, a d\u00e9clar\u00e9 Uche Secondus, le directeur [&hellip;]<\/p>\n","protected":false},"author":1965,"featured_media":0,"comment_status":"closed","ping_status":"closed","sticky":false,"template":"","format":"standard","meta":{"fifu_image_url":"","fifu_image_alt":"","footnotes":""},"categories":[73,82],"tags":[],"class_list":["post-15361","post","type-post","status-publish","format-standard","hentry","category-actualite","category-cameroun"],"_links":{"self":[{"href":"https:\/\/linitiative.ca\/International\/wp-json\/wp\/v2\/posts\/15361","targetHints":{"allow":["GET"]}}],"collection":[{"href":"https:\/\/linitiative.ca\/International\/wp-json\/wp\/v2\/posts"}],"about":[{"href":"https:\/\/linitiative.ca\/International\/wp-json\/wp\/v2\/types\/post"}],"author":[{"embeddable":true,"href":"https:\/\/linitiative.ca\/International\/wp-json\/wp\/v2\/users\/1965"}],"replies":[{"embeddable":true,"href":"https:\/\/linitiative.ca\/International\/wp-json\/wp\/v2\/comments?post=15361"}],"version-history":[{"count":0,"href":"https:\/\/linitiative.ca\/International\/wp-json\/wp\/v2\/posts\/15361\/revisions"}],"wp:attachment":[{"href":"https:\/\/linitiative.ca\/International\/wp-json\/wp\/v2\/media?parent=15361"}],"wp:term":[{"taxonomy":"category","embeddable":true,"href":"https:\/\/linitiative.ca\/International\/wp-json\/wp\/v2\/categories?post=15361"},{"taxonomy":"post_tag","embeddable":true,"href":"https:\/\/linitiative.ca\/International\/wp-json\/wp\/v2\/tags?post=15361"}],"curies":[{"name":"wp","href":"https:\/\/api.w.org\/{rel}","templated":true}]}}