{"id":15371,"date":"2019-02-19T08:59:13","date_gmt":"2019-02-19T13:59:13","guid":{"rendered":"https:\/\/linitiative.ca\/International\/le-medicament-iclusig-mis-en-quarantaine-au-cameroun\/"},"modified":"2019-02-19T08:59:13","modified_gmt":"2019-02-19T13:59:13","slug":"le-medicament-iclusig-mis-en-quarantaine-au-cameroun","status":"publish","type":"post","link":"https:\/\/linitiative.ca\/International\/le-medicament-iclusig-mis-en-quarantaine-au-cameroun\/","title":{"rendered":"Le m\u00e9dicament Iclusig mis en quarantaine au Cameroun"},"content":{"rendered":"<div readability=\"32\">\n<p>Publi\u00e9 le 19.02.2019 \u00e0 14h59 par Journalducameroun.com<\/p>\n<\/div>\n<div readability=\"51\">\n<h2 class=\"c1\">Le minist\u00e8re de la Sant\u00e9 vient d\u2019interdire la vente et l\u2019administration du m\u00e9dicament Iclusig aux patients.<\/h2>\n<p>L\u2019alerte sur la circulation de deux versions falsifi\u00e9es des tablettes d\u2019Iclusig 15 mg et 45 mg avait d\u2019abord \u00e9t\u00e9 lanc\u00e9e au d\u00e9but de l\u2019ann\u00e9e 2019 par l\u2019Organisation mondiale de la sant\u00e9 (Oms). Suite \u00e0 cet appel \u00e0 la vigilance, le minist\u00e8re de la Sant\u00e9 pubique a men\u00e9 une op\u00e9ration de v\u00e9rification dudit produit au Cameroun. Celle-ci a permis de d\u00e9tecter la contrefa\u00e7on.<\/p>\n<p>\u00ab\u00a0<em>L\u2019analyse en laboratoires de ces lots a confirm\u00e9 qu\u2019aucun ne contient le Ponatinib, principe actif attendu, et que le 2e contient plut\u00f4t une faible quantit\u00e9 de parac\u00e9tamol \u00e0 la place\u00a0\u00bb<\/em>, indique une circulaire du minist\u00e8re datant du 01er f\u00e9vrier.<\/p>\n<p>L\u2019Iclusig est est un m\u00e9dicament utilis\u00e9 en cas de <span class=\"FontStyle52\">leuc\u00e9mie my\u00e9lo\u00efde, une forme de cancer qui prend naisssance dans les cellules souches du sang. Il est fabriqu\u00e9 par les soci\u00e9t\u00e9s pharmaceutiques Takeda et Incyte. Lesquelles ne reconnaissent pas avoir produit les lots incrimin\u00e9s. Le minist\u00e8re de la Sant\u00e9 recommande par cons\u00e9quent son retrait des stocks, l\u2019arr\u00eat de la distribution, de la dispensation et de l\u2019administration de l\u2019Iclusig aux patients.<br \/><ins data-revive-zoneid=\"9\" data-revive-id=\"10111e19d28d19d031742ee3b0b33eb0\"\/> <\/span><\/p>\n<\/div>\n<p>Auteur: Louise NSANA<br \/>\n<a href=\"https:\/\/www.journalducameroun.com\/le-medicament-iclusig-interdit-au-cameroun\/\">Cliquez ici pour lire l&rsquo;article depuis sa source.<\/a><\/p>\n","protected":false},"excerpt":{"rendered":"<p>Publi\u00e9 le 19.02.2019 \u00e0 14h59 par Journalducameroun.com Le minist\u00e8re de la Sant\u00e9 vient d\u2019interdire la vente et l\u2019administration du m\u00e9dicament Iclusig aux patients. L\u2019alerte sur la circulation de deux versions falsifi\u00e9es des tablettes d\u2019Iclusig 15 mg et 45 mg avait d\u2019abord \u00e9t\u00e9 lanc\u00e9e au d\u00e9but de l\u2019ann\u00e9e 2019 par l\u2019Organisation mondiale de la sant\u00e9 (Oms). [&hellip;]<\/p>\n","protected":false},"author":1965,"featured_media":0,"comment_status":"closed","ping_status":"closed","sticky":false,"template":"","format":"standard","meta":{"fifu_image_url":"","fifu_image_alt":"","footnotes":""},"categories":[73,82],"tags":[],"class_list":["post-15371","post","type-post","status-publish","format-standard","hentry","category-actualite","category-cameroun"],"_links":{"self":[{"href":"https:\/\/linitiative.ca\/International\/wp-json\/wp\/v2\/posts\/15371","targetHints":{"allow":["GET"]}}],"collection":[{"href":"https:\/\/linitiative.ca\/International\/wp-json\/wp\/v2\/posts"}],"about":[{"href":"https:\/\/linitiative.ca\/International\/wp-json\/wp\/v2\/types\/post"}],"author":[{"embeddable":true,"href":"https:\/\/linitiative.ca\/International\/wp-json\/wp\/v2\/users\/1965"}],"replies":[{"embeddable":true,"href":"https:\/\/linitiative.ca\/International\/wp-json\/wp\/v2\/comments?post=15371"}],"version-history":[{"count":0,"href":"https:\/\/linitiative.ca\/International\/wp-json\/wp\/v2\/posts\/15371\/revisions"}],"wp:attachment":[{"href":"https:\/\/linitiative.ca\/International\/wp-json\/wp\/v2\/media?parent=15371"}],"wp:term":[{"taxonomy":"category","embeddable":true,"href":"https:\/\/linitiative.ca\/International\/wp-json\/wp\/v2\/categories?post=15371"},{"taxonomy":"post_tag","embeddable":true,"href":"https:\/\/linitiative.ca\/International\/wp-json\/wp\/v2\/tags?post=15371"}],"curies":[{"name":"wp","href":"https:\/\/api.w.org\/{rel}","templated":true}]}}