{"id":15376,"date":"2019-02-19T09:18:04","date_gmt":"2019-02-19T14:18:04","guid":{"rendered":"https:\/\/linitiative.ca\/International\/cinq-elements-de-boko-haram-arretes-a-ndjamena\/"},"modified":"2019-02-19T09:18:04","modified_gmt":"2019-02-19T14:18:04","slug":"cinq-elements-de-boko-haram-arretes-a-ndjamena","status":"publish","type":"post","link":"https:\/\/linitiative.ca\/International\/cinq-elements-de-boko-haram-arretes-a-ndjamena\/","title":{"rendered":"Cinq \u00e9l\u00e9ments de Boko Haram arr\u00eat\u00e9s \u00e0 N\u2019Djam\u00e9na"},"content":{"rendered":"<div readability=\"32\">\n<p>Publi\u00e9 le 19.02.2019 \u00e0 15h18 par APA News<\/p>\n<\/div>\n<div readability=\"58\">\n<p>L\u2019arm\u00e9e tchadienne a arr\u00eat\u00e9, lundi \u00e0 N\u2019Djam\u00e8na, cinq \u00e9l\u00e9ments de la secte terroriste Boko Haram qui \u00e9taient parvenus \u00e0 s\u2019infiltrer au Tchad par la r\u00e9gion du Lac \u00e0 environ 300 kilom\u00e8tres \u00e0 l\u2019ouest de la capitale, a-t-on appris, mardi, de sources s\u00e9curitaires.Le pr\u00e9sum\u00e9 chef des cinq terroristes, \u00a0un certain Ahmat Abdel-Wahab, dont la photo \u00e9tait auparavant affich\u00e9e au commissariat central de N\u2019Djam\u00e9na, a \u00e9t\u00e9 enferm\u00e9 dans un endroit secret, selon des sources polici\u00e8res contact\u00e9es par APA.<\/p>\n<p>Les renseignements tchadiens qui sont actuellement sur les dents soup\u00e7onnent un attentat en pr\u00e9paration, \u00e0 l\u2019image de ce haut grad\u00e9 de la police qui soutient \u00a0qu\u2019\u00ab une telle infiltration ne peut que susciter la peur d\u2019un attentat dont on a \u00e9t\u00e9 d\u00e9j\u00e0 victime en 2015 \u00bb.<\/p>\n<p>Pour l\u2019heure, la situation est calme dans la capitale m\u00eame si la s\u00e9curit\u00e9 est renforc\u00e9e dans certains endroits publics comme les march\u00e9s.<\/p>\n<p><ins data-revive-zoneid=\"9\" data-revive-id=\"10111e19d28d19d031742ee3b0b33eb0\"\/> <\/p>\n<p>Suite aux attentats de 2015, une dizaine des \u00e9l\u00e9ments de la secte nig\u00e9riane Boko Haram avaient \u00e9t\u00e9 arr\u00eat\u00e9s, puis jug\u00e9s et condamn\u00e9s \u00e0 mort par la justice tchadienne.<\/p>\n<\/div>\n<p>Auteur: APA News<br \/>\n<a href=\"https:\/\/www.journalducameroun.com\/cinq-elements-de-boko-haram-arretes-a-ndjamena\/\">Cliquez ici pour lire l&rsquo;article depuis sa source.<\/a><\/p>\n","protected":false},"excerpt":{"rendered":"<p>Publi\u00e9 le 19.02.2019 \u00e0 15h18 par APA News L\u2019arm\u00e9e tchadienne a arr\u00eat\u00e9, lundi \u00e0 N\u2019Djam\u00e8na, cinq \u00e9l\u00e9ments de la secte terroriste Boko Haram qui \u00e9taient parvenus \u00e0 s\u2019infiltrer au Tchad par la r\u00e9gion du Lac \u00e0 environ 300 kilom\u00e8tres \u00e0 l\u2019ouest de la capitale, a-t-on appris, mardi, de sources s\u00e9curitaires.Le pr\u00e9sum\u00e9 chef des cinq terroristes, [&hellip;]<\/p>\n","protected":false},"author":1965,"featured_media":0,"comment_status":"closed","ping_status":"closed","sticky":false,"template":"","format":"standard","meta":{"fifu_image_url":"","fifu_image_alt":"","footnotes":""},"categories":[73,82],"tags":[],"class_list":["post-15376","post","type-post","status-publish","format-standard","hentry","category-actualite","category-cameroun"],"_links":{"self":[{"href":"https:\/\/linitiative.ca\/International\/wp-json\/wp\/v2\/posts\/15376","targetHints":{"allow":["GET"]}}],"collection":[{"href":"https:\/\/linitiative.ca\/International\/wp-json\/wp\/v2\/posts"}],"about":[{"href":"https:\/\/linitiative.ca\/International\/wp-json\/wp\/v2\/types\/post"}],"author":[{"embeddable":true,"href":"https:\/\/linitiative.ca\/International\/wp-json\/wp\/v2\/users\/1965"}],"replies":[{"embeddable":true,"href":"https:\/\/linitiative.ca\/International\/wp-json\/wp\/v2\/comments?post=15376"}],"version-history":[{"count":0,"href":"https:\/\/linitiative.ca\/International\/wp-json\/wp\/v2\/posts\/15376\/revisions"}],"wp:attachment":[{"href":"https:\/\/linitiative.ca\/International\/wp-json\/wp\/v2\/media?parent=15376"}],"wp:term":[{"taxonomy":"category","embeddable":true,"href":"https:\/\/linitiative.ca\/International\/wp-json\/wp\/v2\/categories?post=15376"},{"taxonomy":"post_tag","embeddable":true,"href":"https:\/\/linitiative.ca\/International\/wp-json\/wp\/v2\/tags?post=15376"}],"curies":[{"name":"wp","href":"https:\/\/api.w.org\/{rel}","templated":true}]}}