{"id":15379,"date":"2019-02-19T05:30:00","date_gmt":"2019-02-19T10:30:00","guid":{"rendered":"https:\/\/linitiative.ca\/International\/rabat-le-plan-daction-de-la-commune-enfin-pret\/"},"modified":"2019-02-19T05:30:00","modified_gmt":"2019-02-19T10:30:00","slug":"rabat-le-plan-daction-de-la-commune-enfin-pret","status":"publish","type":"post","link":"https:\/\/linitiative.ca\/International\/rabat-le-plan-daction-de-la-commune-enfin-pret\/","title":{"rendered":"Rabat: Le plan d\u2019action de la commune enfin pr\u00eat!"},"content":{"rendered":"<div readability=\"35\">\n<p>Il devrait \u00eatre avalis\u00e9 le 19 f\u00e9vrier prochain par le conseil de la ville<\/p>\n<p>304 projets identifi\u00e9s pour 16,8 milliards de DH<\/p>\n<\/div>\n<div readability=\"99.5\">\n<p class=\"rtejustify\">Apr\u00e8s plus de deux ans de retard, la ville de Rabat vient enfin d\u2019achever l\u2019\u00e9laboration de son plan d\u2019action communal (PAC). Selon l\u2019article 78 de la loi organique n\u00b0 113-14 relative aux communes, le PAC devrait \u00eatre \u00e9tabli au plus tard au cours de la premi\u00e8re ann\u00e9e du mandat du conseil.<\/p>\n<p class=\"rtejustify\">Son adoption est programm\u00e9e, mardi prochain, lors de la 2e r\u00e9union du conseil de la ville pr\u00e9vue dans le cadre de la session de f\u00e9vrier. En principe, ce plan devrait constituer la feuille de route pour le conseil pour les six prochaines d\u2019ann\u00e9es.<\/p>\n<p class=\"rtejustify\">Ce document a n\u00e9cessit\u00e9 un travail de diagnostic pr\u00e9alable qui a permis de d\u00e9gager une vision de d\u00e9veloppement avec 8 axes strat\u00e9giques. Ils portent sur les principaux d\u00e9fis \u00e0 relever comme notamment le renforcement de la comp\u00e9titivit\u00e9 \u00e9conomique de la commune, l\u2019am\u00e9lioration de la mobilit\u00e9 au niveau de son territoire et le d\u00e9veloppement d\u2019un urbanisme permettant de garantir une \u00e9quit\u00e9 spatiale.<\/p>\n<p class=\"rtejustify\">Pour la concr\u00e9tisation de cette vision, le PAC a identifi\u00e9 304 projets et actions dont l\u2019investissement global s\u2019\u00e9l\u00e8ve \u00e0 16,8 milliards de DH sur six ans. Le grand lot, soit 10,25 milliards de DH, est attribu\u00e9 \u00e0 la mise en place d\u2019un syst\u00e8me de transport urbain \u00e9quilibr\u00e9 et moderne au niveau de tous les arrondissements de la commune.<\/p>\n<p class=\"rtejustify\">Concernant le financement, la contribution de la commune avoisine 3,5 milliards de DH, et le reste, soit plus de 13 milliards de DH, sera mobilis\u00e9 aupr\u00e8s des partenaires publics et priv\u00e9s. Comment la commune pourra-t-elle financer son plan d\u2019action alors qu\u2019elle peine \u00e0 d\u00e9gager un exc\u00e9dent qui, dans le meilleur des cas, ne d\u00e9passe pas 30 millions de DH par an? La situation financi\u00e8re \u00abfragile\u00bb de la commune ne lui permet pas de contracter de pr\u00eats.<\/p>\n<p class=\"rtejustify\">Pour rappel, la mairie vient \u00e0 peine de contracter un deuxi\u00e8me pr\u00eat aupr\u00e8s du FEC d\u2019un montant de pr\u00e8s 600 millions de DH pour s\u2019acquitter de sa contribution dans le programme de d\u00e9veloppement urbain int\u00e9gr\u00e9 Rabat (2014-2018).<\/p>\n<p class=\"rtejustify\">\u00abLe PAC a permis de constituer une banque de projets qui peuvent contribuer \u00e0 la r\u00e9alisation de notre vision pour le d\u00e9veloppement de la commune\u00bb, pr\u00e9cise Mohamed Sadiki, maire de la capitale, qui affirme que la sant\u00e9 financi\u00e8re de sa commune ne permettra pas de lancer l\u2019ensemble des projets.<\/p>\n<p class=\"rtejustify\">Pour ceux qui sont prioritaires, la mairie compte se mobiliser pour la recherche des fonds n\u00e9cessaires \u00e0 leur r\u00e9alisation notamment \u00e0 travers des partenariats avec des acteurs publics et priv\u00e9s aussi bien nationaux qu\u2019\u00e9trangers, explique le maire de Rabat. Ce dernier tient \u00e0 rappeler que ces projets auront un impact positif sur les citoyens et \u00e9galement sur le d\u00e9veloppement des activit\u00e9s de certains partenaires.<\/p>\n<blockquote readability=\"12\">\n<p class=\"rtecenter\"><strong><span class=\"c2\">Les \u00e9tudes ont aussi un prix<\/span><\/strong><\/p>\n<p class=\"rtejustify\">La majorit\u00e9 des communes confient l\u2019\u00e9laboration de leur plan d\u2019action \u00e0 des cabinets d\u2019\u00e9tudes dont le co\u00fbt varie entre 400.000 DH et plus de 700.000 DH. Celui de Rabat va n\u00e9cessiter un budget d\u2019environ 600.000 DH, selon une source proche du dossier. Des prestations \u00absal\u00e9es\u00bb qui risquent de plomber le programme de d\u00e9veloppement r\u00e9gional (PDR) que les r\u00e9gions doivent pr\u00e9parer. \u00abLe montant d\u00e9bours\u00e9 par certaines r\u00e9gions a d\u00e9pass\u00e9 les 12 millions de DH\u00bb, toujours selon notre source.<\/p>\n<\/blockquote>\n<p class=\"rtejustify\"><em>De notre correspondant permanent, Noureddine EL AISSI<\/em><\/p>\n<p class=\"rtejustify\">\u00a0<\/p>\n<\/div>\n<p>Auteur: hlafriqi<br \/>\n<a href=\"https:\/\/www.leconomiste.com\/article\/1040955-rabat-le-plan-d-action-de-la-commune-enfin-pret\">Cliquez ici pour lire l&rsquo;article depuis sa source.<\/a><\/p>\n","protected":false},"excerpt":{"rendered":"<p>Il devrait \u00eatre avalis\u00e9 le 19 f\u00e9vrier prochain par le conseil de la ville 304 projets identifi\u00e9s pour 16,8 milliards de DH Apr\u00e8s plus de deux ans de retard, la ville de Rabat vient enfin d\u2019achever l\u2019\u00e9laboration de son plan d\u2019action communal (PAC). Selon l\u2019article 78 de la loi organique n\u00b0 113-14 relative aux communes, [&hellip;]<\/p>\n","protected":false},"author":1763,"featured_media":0,"comment_status":"closed","ping_status":"closed","sticky":false,"template":"","format":"standard","meta":{"fifu_image_url":"","fifu_image_alt":"","footnotes":""},"categories":[78,54],"tags":[],"class_list":["post-15379","post","type-post","status-publish","format-standard","hentry","category-economie","category-maroc"],"_links":{"self":[{"href":"https:\/\/linitiative.ca\/International\/wp-json\/wp\/v2\/posts\/15379","targetHints":{"allow":["GET"]}}],"collection":[{"href":"https:\/\/linitiative.ca\/International\/wp-json\/wp\/v2\/posts"}],"about":[{"href":"https:\/\/linitiative.ca\/International\/wp-json\/wp\/v2\/types\/post"}],"author":[{"embeddable":true,"href":"https:\/\/linitiative.ca\/International\/wp-json\/wp\/v2\/users\/1763"}],"replies":[{"embeddable":true,"href":"https:\/\/linitiative.ca\/International\/wp-json\/wp\/v2\/comments?post=15379"}],"version-history":[{"count":0,"href":"https:\/\/linitiative.ca\/International\/wp-json\/wp\/v2\/posts\/15379\/revisions"}],"wp:attachment":[{"href":"https:\/\/linitiative.ca\/International\/wp-json\/wp\/v2\/media?parent=15379"}],"wp:term":[{"taxonomy":"category","embeddable":true,"href":"https:\/\/linitiative.ca\/International\/wp-json\/wp\/v2\/categories?post=15379"},{"taxonomy":"post_tag","embeddable":true,"href":"https:\/\/linitiative.ca\/International\/wp-json\/wp\/v2\/tags?post=15379"}],"curies":[{"name":"wp","href":"https:\/\/api.w.org\/{rel}","templated":true}]}}