{"id":153916,"date":"2022-08-01T11:06:28","date_gmt":"2022-08-01T15:06:28","guid":{"rendered":"https:\/\/linitiative.ca\/International\/discours-royal-du-30-juillet-poursuivre-ledification-dun-maroc-avance-et-fort-de-sa-dignite\/"},"modified":"2022-08-01T11:06:28","modified_gmt":"2022-08-01T15:06:28","slug":"discours-royal-du-30-juillet-poursuivre-ledification-dun-maroc-avance-et-fort-de-sa-dignite","status":"publish","type":"post","link":"https:\/\/linitiative.ca\/International\/discours-royal-du-30-juillet-poursuivre-ledification-dun-maroc-avance-et-fort-de-sa-dignite\/","title":{"rendered":"Discours Royal du 30 juillet. \u00ab\u00a0Poursuivre l\u2019\u00e9dification d\u2019un Maroc avanc\u00e9 et fort de sa dignit\u00e9\u00a0\u00bb"},"content":{"rendered":"<div><img decoding=\"async\" width=\"799\" height=\"538\" src=\"https:\/\/linitiative.ca\/International\/wp-content\/uploads\/sites\/23\/2022\/08\/WhatsApp-Image-2022-08-01-at-15.37.05-e1659366571261.jpeg\" class=\"attachment-post-thumbnail size-post-thumbnail wp-post-image\" alt=\"\" loading=\"lazy\" srcset=\"https:\/\/linitiative.ca\/International\/wp-content\/uploads\/sites\/23\/2022\/08\/WhatsApp-Image-2022-08-01-at-15.37.05-e1659366571261.jpeg 799w, https:\/\/www.challenge.ma\/wp-content\/uploads\/2022\/08\/WhatsApp-Image-2022-08-01-at-15.37.05-e1659366571261-300x202.jpeg 300w, https:\/\/www.challenge.ma\/wp-content\/uploads\/2022\/08\/WhatsApp-Image-2022-08-01-at-15.37.05-e1659366571261-768x517.jpeg 768w, https:\/\/www.challenge.ma\/wp-content\/uploads\/2022\/08\/WhatsApp-Image-2022-08-01-at-15.37.05-e1659366571261-360x242.jpeg 360w, https:\/\/www.challenge.ma\/wp-content\/uploads\/2022\/08\/WhatsApp-Image-2022-08-01-at-15.37.05-e1659366571261-750x505.jpeg 750w\" sizes=\"auto, (max-width: 799px) 100vw, 799px\" itemprop=\"image\">Dans Son Discours, le Souverain a, en particulier, mis l\u2019accent sur l\u2019importance strat\u00e9gique de la continuit\u00e9 des r\u00e9formes entam\u00e9es pour permettre \u00e0 la femme de jouer pleinement son r\u00f4le dans le d\u00e9veloppement humain. La dynamique de d\u00e9veloppement est n\u00e9cessairement collective. Aucun citoyen ou citoyenne ne doit en \u00eatre exclu. Au<\/div>\n<p>Auteur: Mohamed Amine<br \/>\n<a href=\"https:\/\/www.challenge.ma\/discours-royal-du-30-juillet-poursuivre-ledification-dun-maroc-avance-et-fort-de-sa-dignite-243179\/\">Cliquez ici pour lire l&rsquo;article depuis sa source.<\/a><\/p>\n","protected":false},"excerpt":{"rendered":"<p>Dans Son Discours, le Souverain a, en particulier, mis l\u2019accent sur l\u2019importance strat\u00e9gique de la continuit\u00e9 des r\u00e9formes entam\u00e9es pour permettre \u00e0 la femme de jouer pleinement son r\u00f4le dans le d\u00e9veloppement humain. La dynamique de d\u00e9veloppement est n\u00e9cessairement collective. Aucun citoyen ou citoyenne ne doit en \u00eatre exclu. Au Auteur: Mohamed Amine Cliquez ici [&hellip;]<\/p>\n","protected":false},"author":1787,"featured_media":0,"comment_status":"closed","ping_status":"closed","sticky":false,"template":"","format":"standard","meta":{"fifu_image_url":"https:\/\/www.challenge.ma\/wp-content\/uploads\/2022\/08\/WhatsApp-Image-2022-08-01-at-15.37.05-e1659366571261.jpeg","fifu_image_alt":"Discours Royal du 30 juillet. \u00ab\u00a0Poursuivre l\u2019\u00e9dification d\u2019un Maroc avanc\u00e9 et fort de sa dignit\u00e9\u00a0\u00bb","footnotes":""},"categories":[78,54],"tags":[],"class_list":["post-153916","post","type-post","status-publish","format-standard","hentry","category-economie","category-maroc"],"_links":{"self":[{"href":"https:\/\/linitiative.ca\/International\/wp-json\/wp\/v2\/posts\/153916","targetHints":{"allow":["GET"]}}],"collection":[{"href":"https:\/\/linitiative.ca\/International\/wp-json\/wp\/v2\/posts"}],"about":[{"href":"https:\/\/linitiative.ca\/International\/wp-json\/wp\/v2\/types\/post"}],"author":[{"embeddable":true,"href":"https:\/\/linitiative.ca\/International\/wp-json\/wp\/v2\/users\/1787"}],"replies":[{"embeddable":true,"href":"https:\/\/linitiative.ca\/International\/wp-json\/wp\/v2\/comments?post=153916"}],"version-history":[{"count":0,"href":"https:\/\/linitiative.ca\/International\/wp-json\/wp\/v2\/posts\/153916\/revisions"}],"wp:attachment":[{"href":"https:\/\/linitiative.ca\/International\/wp-json\/wp\/v2\/media?parent=153916"}],"wp:term":[{"taxonomy":"category","embeddable":true,"href":"https:\/\/linitiative.ca\/International\/wp-json\/wp\/v2\/categories?post=153916"},{"taxonomy":"post_tag","embeddable":true,"href":"https:\/\/linitiative.ca\/International\/wp-json\/wp\/v2\/tags?post=153916"}],"curies":[{"name":"wp","href":"https:\/\/api.w.org\/{rel}","templated":true}]}}