{"id":153955,"date":"2022-08-02T08:01:42","date_gmt":"2022-08-02T12:01:42","guid":{"rendered":"https:\/\/linitiative.ca\/International\/casablanca-pres-de-2-tonnes-de-chira-saisies-et-2-suspects-arretes\/"},"modified":"2022-08-02T08:01:42","modified_gmt":"2022-08-02T12:01:42","slug":"casablanca-pres-de-2-tonnes-de-chira-saisies-et-2-suspects-arretes","status":"publish","type":"post","link":"https:\/\/linitiative.ca\/International\/casablanca-pres-de-2-tonnes-de-chira-saisies-et-2-suspects-arretes\/","title":{"rendered":"Casablanca : Pr\u00e8s de 2 tonnes de chira saisies et 2 suspects arr\u00eat\u00e9s"},"content":{"rendered":"<div>\n<p><img decoding=\"async\" width=\"300\" height=\"153\" src=\"https:\/\/linitiative.ca\/International\/wp-content\/uploads\/sites\/23\/2022\/08\/Chira-drogue-300x153-1.jpg\" class=\"attachment-medium size-medium wp-post-image\" alt=\"\" loading=\"lazy\" srcset=\"https:\/\/linitiative.ca\/International\/wp-content\/uploads\/sites\/23\/2022\/08\/Chira-drogue-300x153-1.jpg 300w, https:\/\/aujourdhui.ma\/wp-content\/uploads\/2020\/03\/Chira-drogue.jpg 746w\" sizes=\"auto, (max-width: 300px) 100vw, 300px\"><\/p>\n<p><strong>Une tonne 820 kg de chira a \u00e9t\u00e9 saisie, dimanche 31 juillet, par les \u00e9l\u00e9ments du service pr\u00e9fectoral de la police judiciaire \u00e0 Casablanca et ce, en coordination avec des services de la Direction de la surveillance du territoire (DST), apprend-on d\u2019un communiqu\u00e9 rendu public par les services de la police qui a ajout\u00e9 que deux suspects ont \u00e9t\u00e9 arr\u00eat\u00e9s lors de cette op\u00e9ration de grande envergure.<\/strong><span id=\"more-414645\"><\/span><\/p>\n<p>En effet, toujours selon la m\u00eame source polici\u00e8re, les deux mis en cause ont \u00e9t\u00e9 interpell\u00e9s alors qu\u2019ils \u00e9taient \u00e0 bord d\u2019une voiture qui venait de s\u2019arr\u00eater au niveau de l\u2019autoroute orbitale menant \u00e0 Rabat. La fouille de la voiture a permis la saisie de 56 colis renfermant une tonne et 820 kg de chira bien conditionn\u00e9s pour \u00eatre exp\u00e9di\u00e9s vers l\u2019Europe via les voies maritimes, a pr\u00e9cis\u00e9 la m\u00eame source polici\u00e8re. La fouille de la voiture a \u00e9galement permis la saisie d\u2019armes blanches, de deux t\u00e9l\u00e9phones portables, d\u2019un canot pneumatique \u00e9quip\u00e9 de deux moteurs, des barils contenant de l\u2019essence et un appareil de GPS. L\u2019enqu\u00eate est toujours en cours.<\/p>\n<\/div>\n<p>Auteur: Abderrafii ALOUMLIKI<br \/>\n<a href=\"https:\/\/aujourdhui.ma\/faits-divers\/casablanca-pres-de-2-tonnes-de-chira-saisies-et-2-suspects-arretes\">Cliquez ici pour lire l&rsquo;article depuis sa source.<\/a><\/p>\n","protected":false},"excerpt":{"rendered":"<p>Une tonne 820 kg de chira a \u00e9t\u00e9 saisie, dimanche 31 juillet, par les \u00e9l\u00e9ments du service pr\u00e9fectoral de la police judiciaire \u00e0 Casablanca et ce, en coordination avec des services de la Direction de la surveillance du territoire (DST), apprend-on d\u2019un communiqu\u00e9 rendu public par les services de la police qui a ajout\u00e9 que [&hellip;]<\/p>\n","protected":false},"author":1759,"featured_media":0,"comment_status":"closed","ping_status":"closed","sticky":false,"template":"","format":"standard","meta":{"fifu_image_url":"https:\/\/aujourdhui.ma\/wp-content\/uploads\/2020\/03\/Chira-drogue-300x153.jpg","fifu_image_alt":"Casablanca : Pr\u00e8s de 2 tonnes de chira saisies et 2 suspects arr\u00eat\u00e9s","footnotes":""},"categories":[73,54],"tags":[],"class_list":["post-153955","post","type-post","status-publish","format-standard","hentry","category-actualite","category-maroc"],"_links":{"self":[{"href":"https:\/\/linitiative.ca\/International\/wp-json\/wp\/v2\/posts\/153955","targetHints":{"allow":["GET"]}}],"collection":[{"href":"https:\/\/linitiative.ca\/International\/wp-json\/wp\/v2\/posts"}],"about":[{"href":"https:\/\/linitiative.ca\/International\/wp-json\/wp\/v2\/types\/post"}],"author":[{"embeddable":true,"href":"https:\/\/linitiative.ca\/International\/wp-json\/wp\/v2\/users\/1759"}],"replies":[{"embeddable":true,"href":"https:\/\/linitiative.ca\/International\/wp-json\/wp\/v2\/comments?post=153955"}],"version-history":[{"count":0,"href":"https:\/\/linitiative.ca\/International\/wp-json\/wp\/v2\/posts\/153955\/revisions"}],"wp:attachment":[{"href":"https:\/\/linitiative.ca\/International\/wp-json\/wp\/v2\/media?parent=153955"}],"wp:term":[{"taxonomy":"category","embeddable":true,"href":"https:\/\/linitiative.ca\/International\/wp-json\/wp\/v2\/categories?post=153955"},{"taxonomy":"post_tag","embeddable":true,"href":"https:\/\/linitiative.ca\/International\/wp-json\/wp\/v2\/tags?post=153955"}],"curies":[{"name":"wp","href":"https:\/\/api.w.org\/{rel}","templated":true}]}}