{"id":153957,"date":"2022-08-02T08:01:53","date_gmt":"2022-08-02T12:01:53","guid":{"rendered":"https:\/\/linitiative.ca\/International\/un-trentenaire-se-suicide-avec-lesprit-de-sel-et-un-autre-par-pendaison\/"},"modified":"2022-08-02T08:01:53","modified_gmt":"2022-08-02T12:01:53","slug":"un-trentenaire-se-suicide-avec-lesprit-de-sel-et-un-autre-par-pendaison","status":"publish","type":"post","link":"https:\/\/linitiative.ca\/International\/un-trentenaire-se-suicide-avec-lesprit-de-sel-et-un-autre-par-pendaison\/","title":{"rendered":"Un trentenaire  se suicide avec l\u2019esprit de sel et un autre par pendaison"},"content":{"rendered":"<div>\n<p><img decoding=\"async\" width=\"300\" height=\"153\" src=\"https:\/\/linitiative.ca\/International\/wp-content\/uploads\/sites\/23\/2022\/08\/suicide-pendaison-300x153-1.jpg\" class=\"attachment-medium size-medium wp-post-image\" alt=\"\" loading=\"lazy\" srcset=\"https:\/\/linitiative.ca\/International\/wp-content\/uploads\/sites\/23\/2022\/08\/suicide-pendaison-300x153-1.jpg 300w, https:\/\/aujourdhui.ma\/wp-content\/uploads\/2019\/10\/suicide-pendaison.jpg 746w\" sizes=\"auto, (max-width: 300px) 100vw, 300px\"><\/p>\n<p><strong>Un jeune homme, la trentaine, s\u2019est donn\u00e9 la mort, samedi dernier, en pleine rue de la ville d\u2019Imzouren relevant de la province d\u2019Al Hoceima, en ingurgitant de l\u2019esprit de sel.<\/strong> <span id=\"more-414646\"><\/span><\/p>\n<p>Les badauds ont tent\u00e9 de le sauver, trop tard. Ils ont alert\u00e9 les \u00e9l\u00e9ments de la police qui se sont d\u00e9p\u00each\u00e9s sur les lieux et ont entam\u00e9 sur-le-champ les investigations pouvant leur permettre de d\u00e9terminer les causes et les circonstances de cet acte.<br \/>\nUn autre cas de suicide a eu lieu au quartier Marmoucha, \u00e0 Al Hoceima. Il s\u2019agit d\u2019un jeune homme, \u00e2g\u00e9 de trente-six ans, qui s\u2019est donn\u00e9 la mort par pendaison. Il a \u00e9t\u00e9 retrouv\u00e9 corps sans vie pendu \u00e0 un arbre. Dans cette affaire la police de la ville d\u2019Al Hoceima a \u00e9galement ouvert une enqu\u00eate.<\/p>\n<\/div>\n<p>Auteur: Abderrafii ALOUMLIKI<br \/>\n<a href=\"https:\/\/aujourdhui.ma\/faits-divers\/un-trentenaire-se-suicide-avec-lesprit-de-sel-et-un-autre-par-pendaison\">Cliquez ici pour lire l&rsquo;article depuis sa source.<\/a><\/p>\n","protected":false},"excerpt":{"rendered":"<p>Un jeune homme, la trentaine, s\u2019est donn\u00e9 la mort, samedi dernier, en pleine rue de la ville d\u2019Imzouren relevant de la province d\u2019Al Hoceima, en ingurgitant de l\u2019esprit de sel. Les badauds ont tent\u00e9 de le sauver, trop tard. Ils ont alert\u00e9 les \u00e9l\u00e9ments de la police qui se sont d\u00e9p\u00each\u00e9s sur les lieux et [&hellip;]<\/p>\n","protected":false},"author":1759,"featured_media":0,"comment_status":"closed","ping_status":"closed","sticky":false,"template":"","format":"standard","meta":{"fifu_image_url":"https:\/\/aujourdhui.ma\/wp-content\/uploads\/2019\/10\/suicide-pendaison-300x153.jpg","fifu_image_alt":"Un trentenaire  se suicide avec l\u2019esprit de sel et un autre par pendaison","footnotes":""},"categories":[73,54],"tags":[],"class_list":["post-153957","post","type-post","status-publish","format-standard","hentry","category-actualite","category-maroc"],"_links":{"self":[{"href":"https:\/\/linitiative.ca\/International\/wp-json\/wp\/v2\/posts\/153957","targetHints":{"allow":["GET"]}}],"collection":[{"href":"https:\/\/linitiative.ca\/International\/wp-json\/wp\/v2\/posts"}],"about":[{"href":"https:\/\/linitiative.ca\/International\/wp-json\/wp\/v2\/types\/post"}],"author":[{"embeddable":true,"href":"https:\/\/linitiative.ca\/International\/wp-json\/wp\/v2\/users\/1759"}],"replies":[{"embeddable":true,"href":"https:\/\/linitiative.ca\/International\/wp-json\/wp\/v2\/comments?post=153957"}],"version-history":[{"count":0,"href":"https:\/\/linitiative.ca\/International\/wp-json\/wp\/v2\/posts\/153957\/revisions"}],"wp:attachment":[{"href":"https:\/\/linitiative.ca\/International\/wp-json\/wp\/v2\/media?parent=153957"}],"wp:term":[{"taxonomy":"category","embeddable":true,"href":"https:\/\/linitiative.ca\/International\/wp-json\/wp\/v2\/categories?post=153957"},{"taxonomy":"post_tag","embeddable":true,"href":"https:\/\/linitiative.ca\/International\/wp-json\/wp\/v2\/tags?post=153957"}],"curies":[{"name":"wp","href":"https:\/\/api.w.org\/{rel}","templated":true}]}}