{"id":153997,"date":"2022-08-02T05:08:00","date_gmt":"2022-08-02T09:08:00","guid":{"rendered":"https:\/\/linitiative.ca\/International\/lhommage-a-taoufik-chaibi-la-saga-de-chetali-et-tout-sur-la-ticad8-au-sommaire-de-leaders-magazine-de-ce-mois-daout-2022\/"},"modified":"2022-08-02T05:08:00","modified_gmt":"2022-08-02T09:08:00","slug":"lhommage-a-taoufik-chaibi-la-saga-de-chetali-et-tout-sur-la-ticad8-au-sommaire-de-leaders-magazine-de-ce-mois-daout-2022","status":"publish","type":"post","link":"https:\/\/linitiative.ca\/International\/lhommage-a-taoufik-chaibi-la-saga-de-chetali-et-tout-sur-la-ticad8-au-sommaire-de-leaders-magazine-de-ce-mois-daout-2022\/","title":{"rendered":"L\u2019hommage \u00e0 Taoufik Cha\u00efbi, la saga de Ch\u00e9tali, et tout sur la TICAD8, au sommaire de Leaders Magazine de ce mois d\u2019ao\u00fbt 2022"},"content":{"rendered":"<div><img decoding=\"async\" src=\"https:\/\/linitiative.ca\/International\/wp-content\/uploads\/sites\/23\/2022\/08\/1659433814_article.jpg\" alt=\"L\u2019hommage \u00e0 Taoufik Cha\u00efbi, la saga de Ch\u00e9tali, et tout sur la TICAD8, au sommaire de Leaders Magazine de ce mois d\u2019ao\u00fbt 2022\" align=\"left\">Que peuvent avoir en commun le capitaine d\u2019industrie Taoufik Cha\u00efbi, le ministre de l\u2019Economie et de la Planification, Samir Sa\u00efed, l\u2019ambassadeur du Japon \u00e0 Tunis, l\u2019\u00e9crivaine Fatma Ben Becher, et l\u2019ic\u00f4ne du football Abdelmajid Ch\u00e9tali ? Ils figurent tous au sommaire de Leaders Magazine de ce mois d\u2019ao\u00fbt 2022. Tout comme les Prs Riadh Zghal, Hatem M\u2019rad, Abdelaziz Kacem, Mohamed El Aziz Ben Achour, Ammar Mahjoubi et Habib Touhami.<br \/>\nQuel est le secret de la r\u00e9ussite d\u2019un grand capitaine d\u2019industrie Taoufik Cha\u00efbi qui vient de nous quitter. Pr\u00e9sident fondateur d\u2019un groupe fort de 30 entreprises, employant plus de 8000 salari\u00e9s, cet ing\u00e9nieur des mines, a su &#8230;<\/p>\n<\/div>\n<p>Auteur:<br \/>\n<a href=\"https:\/\/www.leaders.com.tn\/article\/33664-l-hommage-a-taoufik-chaibi-la-saga-de-chetali-et-tout-sur-la-ticad8-au-sommaire-de-leaders-magazine-de-ce-mois-d-aout-2022\">Cliquez ici pour lire l&rsquo;article depuis sa source.<\/a><\/p>\n","protected":false},"excerpt":{"rendered":"<p>Que peuvent avoir en commun le capitaine d\u2019industrie Taoufik Cha\u00efbi, le ministre de l\u2019Economie et de la Planification, Samir Sa\u00efed, l\u2019ambassadeur du Japon \u00e0 Tunis, l\u2019\u00e9crivaine Fatma Ben Becher, et l\u2019ic\u00f4ne du football Abdelmajid Ch\u00e9tali ? Ils figurent tous au sommaire de Leaders Magazine de ce mois d\u2019ao\u00fbt 2022. Tout comme les Prs Riadh Zghal, [&hellip;]<\/p>\n","protected":false},"author":1772,"featured_media":0,"comment_status":"closed","ping_status":"closed","sticky":false,"template":"","format":"standard","meta":{"fifu_image_url":"http:\/\/www.leaders.com.tn\/uploads\/content\/thumbnails_small\/1659433814_article.jpg","fifu_image_alt":"L\u2019hommage \u00e0 Taoufik Cha\u00efbi, la saga de Ch\u00e9tali, et tout sur la TICAD8, au sommaire de Leaders Magazine de ce mois d\u2019ao\u00fbt 2022","footnotes":""},"categories":[73,55],"tags":[],"class_list":["post-153997","post","type-post","status-publish","format-standard","hentry","category-actualite","category-tunisie"],"_links":{"self":[{"href":"https:\/\/linitiative.ca\/International\/wp-json\/wp\/v2\/posts\/153997","targetHints":{"allow":["GET"]}}],"collection":[{"href":"https:\/\/linitiative.ca\/International\/wp-json\/wp\/v2\/posts"}],"about":[{"href":"https:\/\/linitiative.ca\/International\/wp-json\/wp\/v2\/types\/post"}],"author":[{"embeddable":true,"href":"https:\/\/linitiative.ca\/International\/wp-json\/wp\/v2\/users\/1772"}],"replies":[{"embeddable":true,"href":"https:\/\/linitiative.ca\/International\/wp-json\/wp\/v2\/comments?post=153997"}],"version-history":[{"count":0,"href":"https:\/\/linitiative.ca\/International\/wp-json\/wp\/v2\/posts\/153997\/revisions"}],"wp:attachment":[{"href":"https:\/\/linitiative.ca\/International\/wp-json\/wp\/v2\/media?parent=153997"}],"wp:term":[{"taxonomy":"category","embeddable":true,"href":"https:\/\/linitiative.ca\/International\/wp-json\/wp\/v2\/categories?post=153997"},{"taxonomy":"post_tag","embeddable":true,"href":"https:\/\/linitiative.ca\/International\/wp-json\/wp\/v2\/tags?post=153997"}],"curies":[{"name":"wp","href":"https:\/\/api.w.org\/{rel}","templated":true}]}}