{"id":15402,"date":"2019-02-19T06:15:00","date_gmt":"2019-02-19T11:15:00","guid":{"rendered":"https:\/\/linitiative.ca\/International\/maladies-chroniques-un-plan-de-prevention-et-de-voeux-pieux\/"},"modified":"2019-02-19T06:15:00","modified_gmt":"2019-02-19T11:15:00","slug":"maladies-chroniques-un-plan-de-prevention-et-de-voeux-pieux","status":"publish","type":"post","link":"https:\/\/linitiative.ca\/International\/maladies-chroniques-un-plan-de-prevention-et-de-voeux-pieux\/","title":{"rendered":"Maladies chroniques: Un plan de pr\u00e9vention&#8230; et de voeux pieux"},"content":{"rendered":"<div readability=\"34\">\n<p>80% des d\u00e9c\u00e8s imputables aux affections non transmissibles<\/p>\n<p>Pr\u00e8s de la moiti\u00e9 des d\u00e9penses de l&rsquo;AMO absorb\u00e9es<\/p>\n<\/div>\n<div readability=\"74\">\n<p class=\"rtejustify\">Plus que le Sida, la tuberculose ou encore le H1N1, les maladies non transmissibles constituent un v\u00e9ritable fardeau en mati\u00e8re de d\u00e9penses de sant\u00e9. Tabagisme, mauvaises habitudes alimentaires, alcoolisme&#8230; autant de facteurs ayant favoris\u00e9 l&rsquo;augmentation de certaines affections. Selon le minist\u00e8re de la Sant\u00e9, 80% des d\u00e9c\u00e8s au Maroc sont imputables aux maladies non transmissibles.<\/p>\n<p class=\"rtejustify\">En 2016, 3% de la population b\u00e9n\u00e9ficiaire de l&rsquo;AMO a eu recours aux soins li\u00e9s aux affections longue dur\u00e9e. Ils ont consomm\u00e9 47,7% des d\u00e9penses totales, selon le rapport annuel de l&rsquo;AMO. La plupart de ces d\u00e9penses ont \u00e9t\u00e9 accapar\u00e9es par 3 morbidit\u00e9s: l&rsquo;insuffisance r\u00e9nale, les tumeurs malignes et le diab\u00e8te. D&rsquo;o\u00f9 l&rsquo;importance de la nouvelle strat\u00e9gie 2019-2029, pour la pr\u00e9vention et le contr\u00f4le de ces maladies non transmissibles.<\/p>\n<p class=\"rtejustify\">Elle a \u00e9t\u00e9 pr\u00e9sent\u00e9e par Anas Doukkali, vendredi dernier \u00e0 Rabat. Ce plan vise \u00e0 \u00abr\u00e9duire la morbidit\u00e9, les incapacit\u00e9s et les d\u00e9c\u00e8s pr\u00e9matur\u00e9s li\u00e9s \u00e0 ces maladies\u00bb. L&rsquo;id\u00e9e est de s&rsquo;attaquer aux facteurs de risque, \u00abselon une approche int\u00e9gr\u00e9e et multisectorielle\u00bb.<\/p>\n<p class=\"rtejustify\">Le nouveau plan s&rsquo;articule autour de plusieurs domaines strat\u00e9giques. Il s&rsquo;agit notamment de la promotion des modes de vie sains, en renfor\u00e7ant les actions de communication et de mobilisation sociale. L&rsquo;id\u00e9e est aussi d&rsquo;assurer une prise en charge de qualit\u00e9. Cela devra passer par \u00abla consolidation des programmes de pr\u00e9vention et de contr\u00f4le d\u00e9j\u00e0 existants\u00bb. En mati\u00e8re de gouvernance, l&rsquo;objectif est de renforcer la coordination des actions de promotion.<\/p>\n<p class=\"rtejustify\">Le lancement de cette strat\u00e9gie est bas\u00e9 sur les r\u00e9sultats de l&rsquo;enqu\u00eate nationale sur les facteurs de risque communs des maladies non transmissibles. Elle a \u00e9t\u00e9 r\u00e9alis\u00e9e entre 2017 et 2018, avec un \u00e9chantillon ayant couvert 6.100 familles. Selon le ministre de la Sant\u00e9, cela a permis de d\u00e9finir le niveau de propagation de ces maladies, de d\u00e9terminer les facteurs de risque en fonction des sp\u00e9cificit\u00e9s d\u00e9mographiques, d\u2019indiquer les cat\u00e9gories les plus vuln\u00e9rables&#8230;<\/p>\n<blockquote readability=\"5\">\n<p class=\"rtecenter\"><span class=\"c3\"><strong><span class=\"c2\">Les maladies non transmissibles en chiffres<\/span><\/strong><\/span><\/p>\n<div class=\"dnd-atom-wrapper type-image context-sdl_editor_representation atom-align-right\" contenteditable=\"false\">\n<div class=\"dnd-drop-wrapper image\"><img loading=\"lazy\" decoding=\"async\" typeof=\"foaf:Image\" class=\"img-responsive\" src=\"https:\/\/mobile.leconomiste.com\/sites\/default\/files\/eco7\/public\/thumbnails\/image\/maladies_chronique_055.jpg\" width=\"255\" height=\"283\" alt=\"maladies_chronique_055.jpg\" title=\"maladies_chronique_055.jpg\"\/><\/div>\n<\/div>\n<ul>\n<li class=\"rtejustify\"><strong>40<\/strong> millions de d\u00e9c\u00e8s chaque ann\u00e9e dans le monde \u00e0 cause des maladies non transmissibles<\/li>\n<li class=\"rtejustify\"><strong>80%<\/strong> des d\u00e9c\u00e8s au Maroc sont imputables aux maladies non transmissibles<\/li>\n<li class=\"rtejustify\"><strong>29,3%<\/strong> des personnes couvertes par l&rsquo;enqu\u00eate nationale sur les facteurs de risque sont hypertendus<\/li>\n<li class=\"rtejustify\"><strong>10,6%<\/strong> sont diab\u00e9tiques<\/li>\n<li class=\"rtejustify\"><strong>53%<\/strong> sont en surpoids<\/li>\n<li class=\"rtejustify\"><strong>20%<\/strong> sont ob\u00e8ses<\/li>\n<li class=\"rtejustify\"><strong>10,5%<\/strong> ont un taux de cholest\u00e9rol sanguin \u00e9lev\u00e9.<\/li>\n<\/ul>\n<p class=\"rtejustify\">\u00a0<\/p>\n<\/blockquote>\n<p class=\"rtejustify\">\u00a0<\/p>\n<p class=\"rtejustify\"><em>M.A.M.<\/em><\/p>\n<\/div>\n<p>Auteur: hlafriqi<br \/>\n<a href=\"https:\/\/www.leconomiste.com\/article\/1040958-maladies-chroniques-un-plan-de-prevention-et-de-voeux-pieux\">Cliquez ici pour lire l&rsquo;article depuis sa source.<\/a><\/p>\n","protected":false},"excerpt":{"rendered":"<p>80% des d\u00e9c\u00e8s imputables aux affections non transmissibles Pr\u00e8s de la moiti\u00e9 des d\u00e9penses de l&rsquo;AMO absorb\u00e9es Plus que le Sida, la tuberculose ou encore le H1N1, les maladies non transmissibles constituent un v\u00e9ritable fardeau en mati\u00e8re de d\u00e9penses de sant\u00e9. Tabagisme, mauvaises habitudes alimentaires, alcoolisme&#8230; autant de facteurs ayant favoris\u00e9 l&rsquo;augmentation de certaines affections. [&hellip;]<\/p>\n","protected":false},"author":1763,"featured_media":15404,"comment_status":"closed","ping_status":"closed","sticky":false,"template":"","format":"standard","meta":{"fifu_image_url":"","fifu_image_alt":"","footnotes":""},"categories":[78,54],"tags":[],"class_list":["post-15402","post","type-post","status-publish","format-standard","has-post-thumbnail","hentry","category-economie","category-maroc"],"_links":{"self":[{"href":"https:\/\/linitiative.ca\/International\/wp-json\/wp\/v2\/posts\/15402","targetHints":{"allow":["GET"]}}],"collection":[{"href":"https:\/\/linitiative.ca\/International\/wp-json\/wp\/v2\/posts"}],"about":[{"href":"https:\/\/linitiative.ca\/International\/wp-json\/wp\/v2\/types\/post"}],"author":[{"embeddable":true,"href":"https:\/\/linitiative.ca\/International\/wp-json\/wp\/v2\/users\/1763"}],"replies":[{"embeddable":true,"href":"https:\/\/linitiative.ca\/International\/wp-json\/wp\/v2\/comments?post=15402"}],"version-history":[{"count":0,"href":"https:\/\/linitiative.ca\/International\/wp-json\/wp\/v2\/posts\/15402\/revisions"}],"wp:featuredmedia":[{"embeddable":true,"href":"https:\/\/linitiative.ca\/International\/wp-json\/"}],"wp:attachment":[{"href":"https:\/\/linitiative.ca\/International\/wp-json\/wp\/v2\/media?parent=15402"}],"wp:term":[{"taxonomy":"category","embeddable":true,"href":"https:\/\/linitiative.ca\/International\/wp-json\/wp\/v2\/categories?post=15402"},{"taxonomy":"post_tag","embeddable":true,"href":"https:\/\/linitiative.ca\/International\/wp-json\/wp\/v2\/tags?post=15402"}],"curies":[{"name":"wp","href":"https:\/\/api.w.org\/{rel}","templated":true}]}}