{"id":154045,"date":"2022-08-03T11:41:42","date_gmt":"2022-08-03T15:41:42","guid":{"rendered":"https:\/\/linitiative.ca\/International\/covid-19-maroc-la-situation-epidemiologique-au-3-aout-2022\/"},"modified":"2022-08-03T11:41:42","modified_gmt":"2022-08-03T15:41:42","slug":"covid-19-maroc-la-situation-epidemiologique-au-3-aout-2022","status":"publish","type":"post","link":"https:\/\/linitiative.ca\/International\/covid-19-maroc-la-situation-epidemiologique-au-3-aout-2022\/","title":{"rendered":"Covid-19 \/ Maroc : La situation \u00e9pid\u00e9miologique au 3 Aout 2022"},"content":{"rendered":"<div>\n<p><img decoding=\"async\" width=\"300\" height=\"153\" src=\"https:\/\/linitiative.ca\/International\/wp-content\/uploads\/sites\/23\/2022\/08\/coronavirus-COVID-maroc-300x153-1.jpg\" class=\"attachment-medium size-medium wp-post-image\" alt=\"\" loading=\"lazy\" srcset=\"https:\/\/linitiative.ca\/International\/wp-content\/uploads\/sites\/23\/2022\/08\/coronavirus-COVID-maroc-300x153-1.jpg 300w, https:\/\/aujourdhui.ma\/wp-content\/uploads\/2020\/09\/coronavirus-COVID-maroc-274x140.jpg 274w, https:\/\/aujourdhui.ma\/wp-content\/uploads\/2020\/09\/coronavirus-COVID-maroc.jpg 746w, https:\/\/aujourdhui.ma\/wp-content\/uploads\/2020\/09\/coronavirus-COVID-maroc-165x84.jpg 165w, https:\/\/aujourdhui.ma\/wp-content\/uploads\/2020\/09\/coronavirus-COVID-maroc-702x358.jpg 702w\" sizes=\"auto, (max-width: 300px) 100vw, 300px\"><\/p>\n<p><span>317 nouveaux cas soit un cumul de \u00a0<span dir=\"ltr\" data-redactor-span=\"true\">1\u00a0<\/span><span dir=\"ltr\" data-redactor-span=\"true\">261 816 <\/span><\/span><span>\u00a0cas \u00e0 ce jour.<\/span><br \/>\n<span>736 gu\u00e9risons soit un cumul de <\/span><span dir=\"ltr\" data-redactor-span=\"true\"><span>1\u00a0<\/span><\/span><span dir=\"ltr\" data-redactor-span=\"true\"><span>2423 71<\/span><\/span><span>\u00a0\u00e0 ce jour.<\/span><br \/>\n<span>6 nouveaux d\u00e9c\u00e8s donc un cumul de <\/span><span dir=\"ltr\" data-redactor-span=\"true\"><span>16 248<\/span><\/span><span>\u00a0\u00e0 ce jour.<\/span><\/p>\n<p><strong><span>Nombre de personnes vaccin\u00e9es au 3 Ao\u00fbt 2022<\/span><\/strong><\/p>\n<p><span>1\u00e8re dose : <strong>24\u200b\u200b\u200b\u200b\u200b\u200b\u200b\u200b 878\u200b\u00a0498<\/strong><\/span><\/p>\n<p><span>2\u00e8me dose :\u200b <strong>23\u200b\u200b 369\u200b\u200b\u200b\u200b 193<\/strong><\/span><\/p>\n<p><span>3\u00e8me dose : <strong>\u00a06 \u200b\u200b694\u200b\u200b\u200b\u200b\u200b\u200b\u200b\u200b\u200b\u200b\u200b\u200b 913<\/strong><\/span><strong><br \/>\n<\/strong><\/p>\n<p><span>4\u00e8me dose :\u00a0\u00a0<\/span><strong><span>\u200b\u200b\u200b\u200b\u200b\u200b28\u200b 453\u00a0\u00a0<\/span><\/strong><\/p>\n<\/div>\n<p>Auteur: ALM<br \/>\n<a href=\"https:\/\/aujourdhui.ma\/societe\/covid-19-maroc-la-situation-epidemiologique-au-3-aout-2022\">Cliquez ici pour lire l&rsquo;article depuis sa source.<\/a><\/p>\n","protected":false},"excerpt":{"rendered":"<p>317 nouveaux cas soit un cumul de \u00a01\u00a0261 816 \u00a0cas \u00e0 ce jour. 736 gu\u00e9risons soit un cumul de 1\u00a02423 71\u00a0\u00e0 ce jour. 6 nouveaux d\u00e9c\u00e8s donc un cumul de 16 248\u00a0\u00e0 ce jour. Nombre de personnes vaccin\u00e9es au 3 Ao\u00fbt 2022 1\u00e8re dose : 24\u200b\u200b\u200b\u200b\u200b\u200b\u200b\u200b 878\u200b\u00a0498 2\u00e8me dose :\u200b 23\u200b\u200b 369\u200b\u200b\u200b\u200b 193 3\u00e8me dose [&hellip;]<\/p>\n","protected":false},"author":1759,"featured_media":0,"comment_status":"closed","ping_status":"closed","sticky":false,"template":"","format":"standard","meta":{"fifu_image_url":"https:\/\/aujourdhui.ma\/wp-content\/uploads\/2020\/09\/coronavirus-COVID-maroc-300x153.jpg","fifu_image_alt":"Covid-19 \/ Maroc : La situation \u00e9pid\u00e9miologique au 3 Aout 2022","footnotes":""},"categories":[73,54],"tags":[],"class_list":["post-154045","post","type-post","status-publish","format-standard","hentry","category-actualite","category-maroc"],"_links":{"self":[{"href":"https:\/\/linitiative.ca\/International\/wp-json\/wp\/v2\/posts\/154045","targetHints":{"allow":["GET"]}}],"collection":[{"href":"https:\/\/linitiative.ca\/International\/wp-json\/wp\/v2\/posts"}],"about":[{"href":"https:\/\/linitiative.ca\/International\/wp-json\/wp\/v2\/types\/post"}],"author":[{"embeddable":true,"href":"https:\/\/linitiative.ca\/International\/wp-json\/wp\/v2\/users\/1759"}],"replies":[{"embeddable":true,"href":"https:\/\/linitiative.ca\/International\/wp-json\/wp\/v2\/comments?post=154045"}],"version-history":[{"count":0,"href":"https:\/\/linitiative.ca\/International\/wp-json\/wp\/v2\/posts\/154045\/revisions"}],"wp:attachment":[{"href":"https:\/\/linitiative.ca\/International\/wp-json\/wp\/v2\/media?parent=154045"}],"wp:term":[{"taxonomy":"category","embeddable":true,"href":"https:\/\/linitiative.ca\/International\/wp-json\/wp\/v2\/categories?post=154045"},{"taxonomy":"post_tag","embeddable":true,"href":"https:\/\/linitiative.ca\/International\/wp-json\/wp\/v2\/tags?post=154045"}],"curies":[{"name":"wp","href":"https:\/\/api.w.org\/{rel}","templated":true}]}}