{"id":154077,"date":"2022-08-03T03:56:00","date_gmt":"2022-08-03T07:56:00","guid":{"rendered":"https:\/\/linitiative.ca\/International\/mustapha-zouari-le-francophone-qui-nassistera-pas-au-sommet-de-la-francophonie\/"},"modified":"2022-08-03T03:56:00","modified_gmt":"2022-08-03T07:56:00","slug":"mustapha-zouari-le-francophone-qui-nassistera-pas-au-sommet-de-la-francophonie","status":"publish","type":"post","link":"https:\/\/linitiative.ca\/International\/mustapha-zouari-le-francophone-qui-nassistera-pas-au-sommet-de-la-francophonie\/","title":{"rendered":"Mustapha Zouari, le Francophone qui n\u2019assistera pas au sommet de la Francophonie"},"content":{"rendered":"<div><img decoding=\"async\" src=\"https:\/\/linitiative.ca\/International\/wp-content\/uploads\/sites\/23\/2022\/08\/1659509805_article.jpg\" alt=\"Mustapha Zouari, le Francophone qui n\u2019assistera pas au sommet de la Francophonie\" align=\"left\">Ce r\u00eave, de voir un jour abriter les assises mondiales de la Francophonie, il l\u2019avait caress\u00e9 depuis pr\u00e8s de 40 ans. Mustapha Zouari, longtemps directeur g\u00e9n\u00e9ral \u00e0 l\u2019Agence de Coop\u00e9ration culturelle et technique (ACCT), l\u2019anc\u00eatre de l\u2019OIF, vient de nous quitter, sans pouvoir assister au Sommet mondial de la Francophonie, pr\u00e9vu en novembre prochain \u00e0 Djerba.<br \/>\nAncien directeur de l\u2019enseignement primaire et des \u00e9coles normales au minist\u00e8re de l\u2019\u00c9ducation nationale, il avait \u00e9t\u00e9 d\u00e9p\u00each\u00e9, d\u00e9but des ann\u00e9es 1980, en qualit\u00e9 de chef de la mission \u00e9ducative tunisienne en France. Il succ\u00e9dait \u00e0 ce poste \u00e0 Moncef Ben Mahmoud, qui y avait accompli un excellent &#8230;<\/p>\n<\/div>\n<p>Auteur:<br \/>\n<a href=\"https:\/\/www.leaders.com.tn\/article\/33667-mustapha-zouari-le-francophone-qui-n-assistera-pas-au-sommet-de-la-francophonie\">Cliquez ici pour lire l&rsquo;article depuis sa source.<\/a><\/p>\n","protected":false},"excerpt":{"rendered":"<p>Ce r\u00eave, de voir un jour abriter les assises mondiales de la Francophonie, il l\u2019avait caress\u00e9 depuis pr\u00e8s de 40 ans. Mustapha Zouari, longtemps directeur g\u00e9n\u00e9ral \u00e0 l\u2019Agence de Coop\u00e9ration culturelle et technique (ACCT), l\u2019anc\u00eatre de l\u2019OIF, vient de nous quitter, sans pouvoir assister au Sommet mondial de la Francophonie, pr\u00e9vu en novembre prochain \u00e0 [&hellip;]<\/p>\n","protected":false},"author":1772,"featured_media":0,"comment_status":"closed","ping_status":"closed","sticky":false,"template":"","format":"standard","meta":{"fifu_image_url":"http:\/\/www.leaders.com.tn\/uploads\/content\/thumbnails_small\/1659509805_article.jpg","fifu_image_alt":"Mustapha Zouari, le Francophone qui n\u2019assistera pas au sommet de la Francophonie","footnotes":""},"categories":[73,55],"tags":[],"class_list":["post-154077","post","type-post","status-publish","format-standard","hentry","category-actualite","category-tunisie"],"_links":{"self":[{"href":"https:\/\/linitiative.ca\/International\/wp-json\/wp\/v2\/posts\/154077","targetHints":{"allow":["GET"]}}],"collection":[{"href":"https:\/\/linitiative.ca\/International\/wp-json\/wp\/v2\/posts"}],"about":[{"href":"https:\/\/linitiative.ca\/International\/wp-json\/wp\/v2\/types\/post"}],"author":[{"embeddable":true,"href":"https:\/\/linitiative.ca\/International\/wp-json\/wp\/v2\/users\/1772"}],"replies":[{"embeddable":true,"href":"https:\/\/linitiative.ca\/International\/wp-json\/wp\/v2\/comments?post=154077"}],"version-history":[{"count":0,"href":"https:\/\/linitiative.ca\/International\/wp-json\/wp\/v2\/posts\/154077\/revisions"}],"wp:attachment":[{"href":"https:\/\/linitiative.ca\/International\/wp-json\/wp\/v2\/media?parent=154077"}],"wp:term":[{"taxonomy":"category","embeddable":true,"href":"https:\/\/linitiative.ca\/International\/wp-json\/wp\/v2\/categories?post=154077"},{"taxonomy":"post_tag","embeddable":true,"href":"https:\/\/linitiative.ca\/International\/wp-json\/wp\/v2\/tags?post=154077"}],"curies":[{"name":"wp","href":"https:\/\/api.w.org\/{rel}","templated":true}]}}