{"id":154102,"date":"2022-08-03T07:49:15","date_gmt":"2022-08-03T11:49:15","guid":{"rendered":"https:\/\/linitiative.ca\/International\/burkina-lutte-contre-le-terrorisme-larmee-neutralise-une-dizaine-de-terroristes-a-lest\/"},"modified":"2022-08-03T07:49:15","modified_gmt":"2022-08-03T11:49:15","slug":"burkina-lutte-contre-le-terrorisme-larmee-neutralise-une-dizaine-de-terroristes-a-lest","status":"publish","type":"post","link":"https:\/\/linitiative.ca\/International\/burkina-lutte-contre-le-terrorisme-larmee-neutralise-une-dizaine-de-terroristes-a-lest\/","title":{"rendered":"Burkina\/Lutte contre le terrorisme\u00a0: l\u2019arm\u00e9e neutralise une dizaine de terroristes \u00e0 l\u2019Est"},"content":{"rendered":"<div>\n<p>Dans un communiqu\u00e9 publi\u00e9 ce mercredi 03 ao\u00fbt l\u2019arm\u00e9e dit avoir men\u00e9e le lundi dernier\u00a0\u00ab des actions de ciblage visant des groupes terroristes responsables de plusieurs exactions, dans plusieurs localit\u00e9s de la r\u00e9gion de l\u2019est \u00bb. Au cours de ladite op\u00e9ration\u00a0\u00ab\u00a0plusieurs dizaine de terroristes ont \u00e9t\u00e9 neutralis\u00e9s\u00a0\u00bb. Cependant les frappes ont \u00ab\u00a0malencontreusement caus\u00e9 des victimes collat\u00e9rales au sein des populations civiles\u00a0\u00bb. Selon le communiqu\u00e9 une enqu\u00eate a \u00e9t\u00e9 ouverte\u00a0; par ailleurs le chef d\u2019Etat-Major G\u00e9n\u00e9rale des arm\u00e9es pr\u00e9sente ses sinc\u00e8res condol\u00e9ances aux familles et aux proches des victimes.<\/p>\n<p>\u00a0<\/p>\n<p><strong>Sidwaya.info<\/strong><\/p>\n<p>\u00a0<\/p>\n<\/div>\n<p>Auteur: Wamini SIDWAYA<br \/>\n<a href=\"https:\/\/www.sidwaya.info\/blog\/2022\/08\/03\/burkina-lutte-contre-le-terrorisme-larmee-neutralise-une-dizaine-de-terroristes-a-lest\/\">Cliquez ici pour lire l&rsquo;article depuis sa source.<\/a><\/p>\n","protected":false},"excerpt":{"rendered":"<p>Dans un communiqu\u00e9 publi\u00e9 ce mercredi 03 ao\u00fbt l\u2019arm\u00e9e dit avoir men\u00e9e le lundi dernier\u00a0\u00ab des actions de ciblage visant des groupes terroristes responsables de plusieurs exactions, dans plusieurs localit\u00e9s de la r\u00e9gion de l\u2019est \u00bb. Au cours de ladite op\u00e9ration\u00a0\u00ab\u00a0plusieurs dizaine de terroristes ont \u00e9t\u00e9 neutralis\u00e9s\u00a0\u00bb. Cependant les frappes ont \u00ab\u00a0malencontreusement caus\u00e9 des victimes [&hellip;]<\/p>\n","protected":false},"author":1816,"featured_media":0,"comment_status":"closed","ping_status":"closed","sticky":false,"template":"","format":"standard","meta":{"fifu_image_url":"","fifu_image_alt":"","footnotes":""},"categories":[73,81],"tags":[],"class_list":["post-154102","post","type-post","status-publish","format-standard","hentry","category-actualite","category-burkina-faso"],"_links":{"self":[{"href":"https:\/\/linitiative.ca\/International\/wp-json\/wp\/v2\/posts\/154102","targetHints":{"allow":["GET"]}}],"collection":[{"href":"https:\/\/linitiative.ca\/International\/wp-json\/wp\/v2\/posts"}],"about":[{"href":"https:\/\/linitiative.ca\/International\/wp-json\/wp\/v2\/types\/post"}],"author":[{"embeddable":true,"href":"https:\/\/linitiative.ca\/International\/wp-json\/wp\/v2\/users\/1816"}],"replies":[{"embeddable":true,"href":"https:\/\/linitiative.ca\/International\/wp-json\/wp\/v2\/comments?post=154102"}],"version-history":[{"count":0,"href":"https:\/\/linitiative.ca\/International\/wp-json\/wp\/v2\/posts\/154102\/revisions"}],"wp:attachment":[{"href":"https:\/\/linitiative.ca\/International\/wp-json\/wp\/v2\/media?parent=154102"}],"wp:term":[{"taxonomy":"category","embeddable":true,"href":"https:\/\/linitiative.ca\/International\/wp-json\/wp\/v2\/categories?post=154102"},{"taxonomy":"post_tag","embeddable":true,"href":"https:\/\/linitiative.ca\/International\/wp-json\/wp\/v2\/tags?post=154102"}],"curies":[{"name":"wp","href":"https:\/\/api.w.org\/{rel}","templated":true}]}}