{"id":154103,"date":"2022-08-03T13:20:18","date_gmt":"2022-08-03T17:20:18","guid":{"rendered":"https:\/\/linitiative.ca\/International\/promotion-dune-culture-assurancielle-sunu-assurances-vie-burkina-faso-veut-jouer-sa-partition\/"},"modified":"2022-08-03T13:20:18","modified_gmt":"2022-08-03T17:20:18","slug":"promotion-dune-culture-assurancielle-sunu-assurances-vie-burkina-faso-veut-jouer-sa-partition","status":"publish","type":"post","link":"https:\/\/linitiative.ca\/International\/promotion-dune-culture-assurancielle-sunu-assurances-vie-burkina-faso-veut-jouer-sa-partition\/","title":{"rendered":"Promotion d\u2019une culture assurancielle\u00a0: SUNU Assurances Vie Burkina Faso veut jouer sa partition"},"content":{"rendered":"<div>\n<p>La<strong> soci\u00e9t\u00e9 SUNU Assurances Vie Burkina Faso a organis\u00e9 un atelier de formation sur les principes et bases de l\u2019assurance vie au profit de 25 journalistes, les 29 et 30 juillet 2022, \u00e0 Koudougou. L\u2019objectif de cette session \u00e9tait, entre autres, \u00a0de contribuer \u00e0 une meilleure connaissance des produits d\u2019assurance vie.<\/strong><\/p>\n<p>La part du secteur assuranciel burkinab\u00e8 dans le PIB est de 1%.\u00a0 Ce faible taux de p\u00e9n\u00e9tration s\u2019explique en partie par l\u2019absence d\u2019une v\u00e9ritable culture assurancielle au pays des hommes int\u00e8gres. La compagnie SUNU Assurances Vie Burkina Faso veut contribuer \u00e0 inverser la tendance, \u00e0 travers des actions de communication, de sensibilisation sur les enjeux li\u00e9s \u00e0 l\u2019assurance. Dans cette dynamique, elle a organis\u00e9 une session de formation sur les principes et bases de l\u2019assurance au profit de 25 hommes et femmes de m\u00e9dias, les 29 et 30 juillet 2022, \u00e0 Koudougou.<\/p>\n<p>Selon son directeur g\u00e9n\u00e9ral, Jean Fran\u00e7ois Kambou, s\u2019il y a des journalistes bien outill\u00e9s sur les questions d\u2019assurance, son importance pour le d\u00e9veloppement socio\u00e9conomique, collectif et individuel, les messages sur le sujet passeront mieux aupr\u00e8s des populations. Loin de faire la publicit\u00e9 de SUNU Assurances, cette formation vise \u00e0 amener les hommes et femmes de m\u00e9dias \u00e0 apporter, de fa\u00e7on impartiale, leur pierre \u00e0 la prise de conscience, \u00e0 une meilleure compr\u00e9hension de ce syst\u00e8me de pr\u00e9voyance sociale et de gestion des risques qu\u2019est l\u2019assurance, a-t-il insist\u00e9.<\/p>\n<figure id=\"attachment_53149\" aria-describedby=\"caption-attachment-53149\" style=\"width: 900px\" class=\"wp-caption alignnone\"><img decoding=\"async\" data-attachment-id=\"53149\" data-permalink=\"https:\/\/www.sidwaya.info\/blog\/2022\/08\/03\/promotion-dune-culture-assurancielle-sunu-assurances-vie-veut-jouer-sa-partition\/1-3092\/\" data-orig-file=\"https:\/\/i0.wp.com\/www.sidwaya.info\/wp-content\/uploads\/2022\/08\/1-15.jpg?fit=900%2C932&amp;ssl=1\" data-orig-size=\"900,932\" data-comments-opened=\"1\" data-image-meta='{\"aperture\":\"1.9\",\"credit\":\"\",\"camera\":\"SM-A202F\",\"caption\":\"\",\"created_timestamp\":\"1659193758\",\"copyright\":\"\",\"focal_length\":\"3.6\",\"iso\":\"320\",\"shutter_speed\":\"0.04\",\"title\":\"\",\"orientation\":\"1\"}' data-image-title=\"1\" data-image-description=\"\" data-image-caption=\"&lt;p&gt;Pour le directeur g\u00e9n\u00e9ral de SUNU Assurances Vie Burkina, Jean Fran\u00e7ois Kambou, le but de cette formation est d\u2019amener les journalistes \u00e0 apporter leur pierre \u00e0 la prise de conscience et \u00e0 une meilleure compr\u00e9hension de ce syst\u00e8me de pr\u00e9voyance sociale et de gestion des risques qu\u2019est l\u2019assurance&lt;\/p&gt;\n\" data-medium-file=\"https:\/\/i0.wp.com\/www.sidwaya.info\/wp-content\/uploads\/2022\/08\/1-15.jpg?fit=290%2C300&amp;ssl=1\" data-large-file=\"https:\/\/i0.wp.com\/www.sidwaya.info\/wp-content\/uploads\/2022\/08\/1-15.jpg?fit=696%2C721&amp;ssl=1\" loading=\"lazy\" class=\"size-full wp-image-53149\" src=\"https:\/\/i0.wp.com\/www.sidwaya.info\/wp-content\/uploads\/2022\/08\/1-15.jpg?resize=696,721&amp;ssl=1\" alt=\"\" width=\"696\" height=\"721\" srcset=\"https:\/\/i0.wp.com\/www.sidwaya.info\/wp-content\/uploads\/2022\/08\/1-15.jpg?w=900&amp;ssl=1 900w, https:\/\/i0.wp.com\/www.sidwaya.info\/wp-content\/uploads\/2022\/08\/1-15.jpg?resize=290%2C300&amp;ssl=1 290w, https:\/\/i0.wp.com\/www.sidwaya.info\/wp-content\/uploads\/2022\/08\/1-15.jpg?resize=768%2C795&amp;ssl=1 768w, https:\/\/i0.wp.com\/www.sidwaya.info\/wp-content\/uploads\/2022\/08\/1-15.jpg?resize=150%2C155&amp;ssl=1 150w, https:\/\/i0.wp.com\/www.sidwaya.info\/wp-content\/uploads\/2022\/08\/1-15.jpg?resize=300%2C311&amp;ssl=1 300w, https:\/\/i0.wp.com\/www.sidwaya.info\/wp-content\/uploads\/2022\/08\/1-15.jpg?resize=696,721&amp;ssl=1 696w, https:\/\/i0.wp.com\/www.sidwaya.info\/wp-content\/uploads\/2022\/08\/1-15.jpg?resize=406%2C420&amp;ssl=1 406w\" sizes=\"auto, (max-width: 696px) 100vw, 696px\" data-recalc-dims=\"1\"><figcaption id=\"caption-attachment-53149\" class=\"wp-caption-text\">Pour le directeur g\u00e9n\u00e9ral de SUNU Assurances Vie Burkina, Jean Fran\u00e7ois Kambou, le but de cette formation est d\u2019amener les journalistes \u00e0 apporter leur pierre \u00e0 la prise de conscience et \u00e0 une meilleure compr\u00e9hension de ce syst\u00e8me de pr\u00e9voyance sociale et de gestion des risques qu\u2019est l\u2019assurance<\/figcaption><\/figure>\n<p>Pour ce faire, au cours de la session, des cadres de SUNU Assurances Vie Burkina Faso ont entretenu les journalistes sur l\u2019historique de l\u2019assurance, son r\u00f4le dans la vie sociale et \u00e9conomique, les caract\u00e9ristiques du contrat d\u2019assurance, ses parties prenantes, les exclusions l\u00e9gales et les \u00e9l\u00e9ments pouvant mettre fin \u00e0 un contrat d\u2019assurance vie.<\/p>\n<p>La formation a \u00e9galement a port\u00e9 sur le traitement de l\u2019information assurancielle, assur\u00e9e par Boureima Salouka. Pour lui, les journalistes doivent \u0153uvrer \u00e0 donner un sens \u00e0 l\u2019assurance, \u00e0 travers leurs productions, dans l\u2019int\u00e9r\u00eat des populations qui constituent la raison d\u2019\u00eatre de leur m\u00e9tier. M. Salouka a invit\u00e9 les professionnels de l\u2019information \u00e0 d\u00e9complexifier l\u2019assurance, \u00e0 humaniser leurs r\u00e9cits sur la th\u00e9matique, \u00e0 les rendre accessibles au grand public.<\/p>\n<p><strong>Un club de presse-assurance cr\u00e9\u00e9<\/strong><\/p>\n<p>Les participants ont aussi eu droit \u00e0 une pr\u00e9sentation du secteur assuranciel burkinab\u00e8, du Groupe SUNU. Cr\u00e9\u00e9e pour l\u2019Afrique par des Africains, en l\u2019occurrence son PDG, Path\u00e9 Dione, et ses anciens collaborateurs, cette compagnie panafricaine est pr\u00e9sente aujourd\u2019hui dans 17 pays du continent. \u00a0Elle dispose de deux filiales au pays des hommes int\u00e8gres, \u00e0 savoir SUNU Assurances Vie Burkina Faso et SUNU Assurances IARD Burkina Faso.<\/p>\n<p>Avec un capital de 3,1 milliards F CFA, SUNU Assurances Vie Burkina Faso, occupe la 2<sup>e<\/sup> place du march\u00e9 national d\u2019assurance vie.<\/p>\n<p>A l\u2019issue de la session, le DG Kambou a salu\u00e9 l\u2019esprit participatif et interactif qui a pr\u00e9valu durant les deux jours. <em>\u00ab\u00a0Au-del\u00e0 de la formation, ces moments pass\u00e9s avec les journalistes constituent une exp\u00e9rience humaine exaltante et enrichissante\u00a0\u00bb<\/em>, a laiss\u00e9 entendre M. Kambou.<\/p>\n<p>A l\u2019issue de la formation, un \u00ab\u00a0Club de presse-Assurance\u00a0\u00bb, qui se veut un regroupement de journalistes engag\u00e9s \u00e0 se sp\u00e9cialiser sur les questions assurancielles et \u00e0 \u0153uvrer pour la promotion d\u2019une culture d\u2019assurance au Burkina, a \u00e9t\u00e9 mis en place. Tout en prenant l\u2019engagement d\u2019accompagner ce Club \u00e0 grandir, le patron de SUNU Assurances Vie a invit\u00e9 ses membres \u00e0 traiter les questions assurancielles suivant les r\u00e8gles journalistiques, \u00e0 d\u00e9noncer les mauvaises pratiques d\u2019o\u00f9 qu\u2019elles viennent.<\/p>\n<figure id=\"attachment_53150\" aria-describedby=\"caption-attachment-53150\" style=\"width: 900px\" class=\"wp-caption alignnone\"><img decoding=\"async\" data-attachment-id=\"53150\" data-permalink=\"https:\/\/www.sidwaya.info\/blog\/2022\/08\/03\/promotion-dune-culture-assurancielle-sunu-assurances-vie-veut-jouer-sa-partition\/3-370\/\" data-orig-file=\"https:\/\/i0.wp.com\/www.sidwaya.info\/wp-content\/uploads\/2022\/08\/3-2.jpg?fit=900%2C675&amp;ssl=1\" data-orig-size=\"900,675\" data-comments-opened=\"1\" data-image-meta='{\"aperture\":\"1.9\",\"credit\":\"\",\"camera\":\"SM-A202F\",\"caption\":\"\",\"created_timestamp\":\"1659169307\",\"copyright\":\"\",\"focal_length\":\"3.6\",\"iso\":\"1000\",\"shutter_speed\":\"0.05\",\"title\":\"\",\"orientation\":\"1\"}' data-image-title=\"3\" data-image-description=\"\" data-image-caption=\"&lt;p&gt;Les journalistes ont droit \u00e0 des communications, les principes et bases de l\u2019assurance Vie, le traitement de l\u2019information assurancielle. &lt;\/p&gt;\n\" data-medium-file=\"https:\/\/i0.wp.com\/www.sidwaya.info\/wp-content\/uploads\/2022\/08\/3-2.jpg?fit=300%2C225&amp;ssl=1\" data-large-file=\"https:\/\/i0.wp.com\/www.sidwaya.info\/wp-content\/uploads\/2022\/08\/3-2.jpg?fit=696%2C522&amp;ssl=1\" loading=\"lazy\" class=\"size-full wp-image-53150\" src=\"https:\/\/i0.wp.com\/www.sidwaya.info\/wp-content\/uploads\/2022\/08\/3-2.jpg?resize=696,522&amp;ssl=1\" alt=\"\" width=\"696\" height=\"522\" srcset=\"https:\/\/i0.wp.com\/www.sidwaya.info\/wp-content\/uploads\/2022\/08\/3-2.jpg?w=900&amp;ssl=1 900w, https:\/\/i0.wp.com\/www.sidwaya.info\/wp-content\/uploads\/2022\/08\/3-2.jpg?resize=300%2C225&amp;ssl=1 300w, https:\/\/i0.wp.com\/www.sidwaya.info\/wp-content\/uploads\/2022\/08\/3-2.jpg?resize=768%2C576&amp;ssl=1 768w, https:\/\/i0.wp.com\/www.sidwaya.info\/wp-content\/uploads\/2022\/08\/3-2.jpg?resize=150%2C113&amp;ssl=1 150w, https:\/\/i0.wp.com\/www.sidwaya.info\/wp-content\/uploads\/2022\/08\/3-2.jpg?resize=696,522&amp;ssl=1 696w, https:\/\/i0.wp.com\/www.sidwaya.info\/wp-content\/uploads\/2022\/08\/3-2.jpg?resize=560%2C420&amp;ssl=1 560w, https:\/\/i0.wp.com\/www.sidwaya.info\/wp-content\/uploads\/2022\/08\/3-2.jpg?resize=80%2C60&amp;ssl=1 80w, https:\/\/i0.wp.com\/www.sidwaya.info\/wp-content\/uploads\/2022\/08\/3-2.jpg?resize=265%2C198&amp;ssl=1 265w\" sizes=\"auto, (max-width: 696px) 100vw, 696px\" data-recalc-dims=\"1\"><figcaption id=\"caption-attachment-53150\" class=\"wp-caption-text\">Les journalistes ont droit \u00e0 des communications, les principes et bases de l\u2019assurance Vie, le traitement de l\u2019information assurancielle.<\/figcaption><\/figure>\n<p>En marche de cette session, SUNU Assurances Vie a lanc\u00e9 son programme de stages et d\u00e9couvertes d\u00e9nomm\u00e9es \u00ab\u00a0Kiff Tes Vacances\u00a0\u00bb (KTV) au profit de 75 \u00e9tudiants de Koudougou.\u00a0 Deuxi\u00e8me du genre \u00e0 Koudougou, KTV est \u00e0 sa 4<sup>e<\/sup> \u00e9dition au plan national.<\/p>\n<p><strong>Mahamadi SEBOGO<\/strong><\/p>\n<p><a href=\"mailto:Windmad76@gmail.com\"><strong>Windmad76@gmail.com<\/strong><\/a><\/p>\n<p><span id=\"more-53147\"><\/span><\/p>\n<p><strong>Encadr\u00e9\u00a0: SUNU Assurances Vie Burkina Faso en chiffres en fin 2021\u00a0:<\/strong><\/p>\n<ul>\n<li>Plus de 240 000 Assur\u00e9s\u00a0;<\/li>\n<li>39 salari\u00e9s\u00a0;<\/li>\n<li>Plus de 400 Conseillers Vie\u00a0;<\/li>\n<li>Capital Social : 3,190 milliards F CFA\u00a0;<\/li>\n<li>Chiffre d\u2019Affaires : 13,967 milliards F CFA\u00a0;<\/li>\n<li>4,7 milliards F CFA de prestations r\u00e9gl\u00e9es\u00a0;<\/li>\n<li>Actifs G\u00e9r\u00e9s : plus de 42,7 milliards FCFA pour 37 milliards d\u2019engagements clients\u00a0;<\/li>\n<li>Plus 25,4 milliards investis dans l\u2019\u00e9conomie nationale.<\/li>\n<\/ul>\n<ol>\n<li><strong> S<\/strong><\/li>\n<\/ol>\n<p><strong>Sources\u00a0: SUNU Assurances <\/strong><\/p>\n<\/div>\n<p>Auteur: Wamini SIDWAYA<br \/>\n<a href=\"https:\/\/www.sidwaya.info\/blog\/2022\/08\/03\/promotion-dune-culture-assurancielle-sunu-assurances-vie-veut-jouer-sa-partition\/\">Cliquez ici pour lire l&rsquo;article depuis sa source.<\/a><\/p>\n","protected":false},"excerpt":{"rendered":"<p>La soci\u00e9t\u00e9 SUNU Assurances Vie Burkina Faso a organis\u00e9 un atelier de formation sur les principes et bases de l\u2019assurance vie au profit de 25 journalistes, les 29 et 30 juillet 2022, \u00e0 Koudougou. L\u2019objectif de cette session \u00e9tait, entre autres, \u00a0de contribuer \u00e0 une meilleure connaissance des produits d\u2019assurance vie. La part du secteur [&hellip;]<\/p>\n","protected":false},"author":1816,"featured_media":0,"comment_status":"closed","ping_status":"closed","sticky":false,"template":"","format":"standard","meta":{"fifu_image_url":"https:\/\/i0.wp.com\/www.sidwaya.info\/wp-content\/uploads\/2022\/08\/1-15.jpg?resize=696,721&ssl=1","fifu_image_alt":"Promotion d\u2019une culture assurancielle\u00a0: SUNU Assurances Vie Burkina Faso veut jouer sa partition","footnotes":""},"categories":[73,81],"tags":[],"class_list":["post-154103","post","type-post","status-publish","format-standard","hentry","category-actualite","category-burkina-faso"],"_links":{"self":[{"href":"https:\/\/linitiative.ca\/International\/wp-json\/wp\/v2\/posts\/154103","targetHints":{"allow":["GET"]}}],"collection":[{"href":"https:\/\/linitiative.ca\/International\/wp-json\/wp\/v2\/posts"}],"about":[{"href":"https:\/\/linitiative.ca\/International\/wp-json\/wp\/v2\/types\/post"}],"author":[{"embeddable":true,"href":"https:\/\/linitiative.ca\/International\/wp-json\/wp\/v2\/users\/1816"}],"replies":[{"embeddable":true,"href":"https:\/\/linitiative.ca\/International\/wp-json\/wp\/v2\/comments?post=154103"}],"version-history":[{"count":0,"href":"https:\/\/linitiative.ca\/International\/wp-json\/wp\/v2\/posts\/154103\/revisions"}],"wp:attachment":[{"href":"https:\/\/linitiative.ca\/International\/wp-json\/wp\/v2\/media?parent=154103"}],"wp:term":[{"taxonomy":"category","embeddable":true,"href":"https:\/\/linitiative.ca\/International\/wp-json\/wp\/v2\/categories?post=154103"},{"taxonomy":"post_tag","embeddable":true,"href":"https:\/\/linitiative.ca\/International\/wp-json\/wp\/v2\/tags?post=154103"}],"curies":[{"name":"wp","href":"https:\/\/api.w.org\/{rel}","templated":true}]}}