{"id":154104,"date":"2022-08-03T13:40:02","date_gmt":"2022-08-03T17:40:02","guid":{"rendered":"https:\/\/linitiative.ca\/International\/assemblee-generale-des-editions-sidwaya-la-directrice-generale-echange-avec-le-personnel\/"},"modified":"2022-08-03T13:40:02","modified_gmt":"2022-08-03T17:40:02","slug":"assemblee-generale-des-editions-sidwaya-la-directrice-generale-echange-avec-le-personnel","status":"publish","type":"post","link":"https:\/\/linitiative.ca\/International\/assemblee-generale-des-editions-sidwaya-la-directrice-generale-echange-avec-le-personnel\/","title":{"rendered":"Assembl\u00e9e G\u00e9n\u00e9rale des Editions Sidwaya\u00a0: La directrice g\u00e9n\u00e9rale \u00e9change avec le personnel"},"content":{"rendered":"<div>\n<p>L\u2019assembl\u00e9e g\u00e9n\u00e9rale des travailleurs de la Maison commune s\u2019est tenue, ce mercredi 3 ao\u00fbt 2022, \u00e0 la salle de r\u00e9daction du Quotidien. Pr\u00e9sid\u00e9e par la Directrice g\u00e9n\u00e9rale, Ass\u00e9tou Badoh, cette rencontre a permis au personnel d\u2019\u00e9changer sur des sujets qui touchent \u00e0 la vie de l\u2019entreprise.<\/p>\n<p>Au cours des \u00e9changes, Mme Badoh a tenu d\u2019abord \u00e0 f\u00e9liciter le dynamisme des travailleurs qui ne m\u00e9nagent aucun effort quotidiennement pour permettre \u00e0 Sidwaya d\u2019occuper cette place de choix dans l\u2019univers m\u00e9diatique au Burkina Faso et \u00e0 l\u2019international.<\/p>\n<p>Ensuite, elle a rappel\u00e9 le contexte difficile marqu\u00e9 par la crise s\u00e9curitaire et la guerre en Ukraine qui a entrain\u00e9 le rench\u00e9rissement du prix du papier journal. A cet effet, elle note tout de m\u00eame une satisfaction en ce qui concerne les PIP r\u00e9alis\u00e9s, en d\u00e9pit de la raret\u00e9 des ressources. Elle a donc saisi l\u2019occasion pour t\u00e9moigner toute sa reconnaissance au comit\u00e9 de s\u00e9lection des PIP et \u00e0 la Direction des r\u00e9dactions pour le travail de suivi. Quant \u00e0 la cha\u00eene financi\u00e8re et commerciale, elle note un r\u00e9sultat assez satisfaisant \u00e0 mi-parcours.<\/p>\n<p><img decoding=\"async\" data-attachment-id=\"53156\" data-permalink=\"https:\/\/www.sidwaya.info\/blog\/2022\/08\/03\/assemblee-generale-des-editions-sidwaya-la-directrice-generale-echange-avec-le-personnel\/ph-ag\/\" data-orig-file=\"https:\/\/i0.wp.com\/www.sidwaya.info\/wp-content\/uploads\/2022\/08\/Ph-AG.jpeg?fit=1016%2C762&amp;ssl=1\" data-orig-size=\"1016,762\" data-comments-opened=\"1\" data-image-meta='{\"aperture\":\"0\",\"credit\":\"\",\"camera\":\"\",\"caption\":\"\",\"created_timestamp\":\"0\",\"copyright\":\"\",\"focal_length\":\"0\",\"iso\":\"0\",\"shutter_speed\":\"0\",\"title\":\"\",\"orientation\":\"0\"}' data-image-title=\"Ph AG\" data-image-description=\"\" data-image-caption=\"\" data-medium-file=\"https:\/\/i0.wp.com\/www.sidwaya.info\/wp-content\/uploads\/2022\/08\/Ph-AG.jpeg?fit=300%2C225&amp;ssl=1\" data-large-file=\"https:\/\/i0.wp.com\/www.sidwaya.info\/wp-content\/uploads\/2022\/08\/Ph-AG.jpeg?fit=696%2C522&amp;ssl=1\" loading=\"lazy\" class=\"alignnone size-full wp-image-53156\" src=\"https:\/\/i0.wp.com\/www.sidwaya.info\/wp-content\/uploads\/2022\/08\/Ph-AG.jpeg?resize=696,522&amp;ssl=1\" alt=\"\" width=\"696\" height=\"522\" srcset=\"https:\/\/i0.wp.com\/www.sidwaya.info\/wp-content\/uploads\/2022\/08\/Ph-AG.jpeg?w=1016&amp;ssl=1 1016w, https:\/\/i0.wp.com\/www.sidwaya.info\/wp-content\/uploads\/2022\/08\/Ph-AG.jpeg?resize=300%2C225&amp;ssl=1 300w, https:\/\/i0.wp.com\/www.sidwaya.info\/wp-content\/uploads\/2022\/08\/Ph-AG.jpeg?resize=768%2C576&amp;ssl=1 768w, https:\/\/i0.wp.com\/www.sidwaya.info\/wp-content\/uploads\/2022\/08\/Ph-AG.jpeg?resize=150%2C113&amp;ssl=1 150w, https:\/\/i0.wp.com\/www.sidwaya.info\/wp-content\/uploads\/2022\/08\/Ph-AG.jpeg?resize=696,522&amp;ssl=1 696w, https:\/\/i0.wp.com\/www.sidwaya.info\/wp-content\/uploads\/2022\/08\/Ph-AG.jpeg?resize=560%2C420&amp;ssl=1 560w, https:\/\/i0.wp.com\/www.sidwaya.info\/wp-content\/uploads\/2022\/08\/Ph-AG.jpeg?resize=80%2C60&amp;ssl=1 80w, https:\/\/i0.wp.com\/www.sidwaya.info\/wp-content\/uploads\/2022\/08\/Ph-AG.jpeg?resize=265%2C198&amp;ssl=1 265w\" sizes=\"auto, (max-width: 696px) 100vw, 696px\" data-recalc-dims=\"1\"><\/p>\n<p>Malgr\u00e9 cette performance, elle a exhort\u00e9 l\u2019ensemble des acteurs de la cha\u00eene \u00e0 redoubler d\u2019efforts afin d\u2019engranger des meilleurs r\u00e9sultats en fin d\u2019ann\u00e9e. Par ailleurs, la premi\u00e8re responsable du journal de tous les Burkinab\u00e8 a lanc\u00e9 un appel \u00e0 l\u2019endroit des travailleurs \u00e0 faire preuve de rationalit\u00e9 dans les d\u00e9penses et \u00e0 conjuguer les efforts pour l\u2019atteinte des objectifs.<\/p>\n<p>Enfin, ce cadre d\u2019\u00e9changes a \u00e9galement permis aux agents de soumettre leurs pr\u00e9occupations \u00e0 la Directrice g\u00e9n\u00e9rale. Pour ce faire, elle a promis de les prendre en compte.<\/p>\n<p><strong>Service communication des Editions Sidwaya<\/strong><\/p>\n<\/div>\n<p>Auteur: Wamini SIDWAYA<br \/>\n<a href=\"https:\/\/www.sidwaya.info\/blog\/2022\/08\/03\/assemblee-generale-des-editions-sidwaya-la-directrice-generale-echange-avec-le-personnel\/\">Cliquez ici pour lire l&rsquo;article depuis sa source.<\/a><\/p>\n","protected":false},"excerpt":{"rendered":"<p>L\u2019assembl\u00e9e g\u00e9n\u00e9rale des travailleurs de la Maison commune s\u2019est tenue, ce mercredi 3 ao\u00fbt 2022, \u00e0 la salle de r\u00e9daction du Quotidien. Pr\u00e9sid\u00e9e par la Directrice g\u00e9n\u00e9rale, Ass\u00e9tou Badoh, cette rencontre a permis au personnel d\u2019\u00e9changer sur des sujets qui touchent \u00e0 la vie de l\u2019entreprise. Au cours des \u00e9changes, Mme Badoh a tenu d\u2019abord [&hellip;]<\/p>\n","protected":false},"author":1816,"featured_media":0,"comment_status":"closed","ping_status":"closed","sticky":false,"template":"","format":"standard","meta":{"fifu_image_url":"https:\/\/i0.wp.com\/www.sidwaya.info\/wp-content\/uploads\/2022\/08\/Ph-AG.jpeg?resize=696,522&ssl=1","fifu_image_alt":"Assembl\u00e9e G\u00e9n\u00e9rale des Editions Sidwaya\u00a0: La directrice g\u00e9n\u00e9rale \u00e9change avec le personnel","footnotes":""},"categories":[73,81],"tags":[],"class_list":["post-154104","post","type-post","status-publish","format-standard","hentry","category-actualite","category-burkina-faso"],"_links":{"self":[{"href":"https:\/\/linitiative.ca\/International\/wp-json\/wp\/v2\/posts\/154104","targetHints":{"allow":["GET"]}}],"collection":[{"href":"https:\/\/linitiative.ca\/International\/wp-json\/wp\/v2\/posts"}],"about":[{"href":"https:\/\/linitiative.ca\/International\/wp-json\/wp\/v2\/types\/post"}],"author":[{"embeddable":true,"href":"https:\/\/linitiative.ca\/International\/wp-json\/wp\/v2\/users\/1816"}],"replies":[{"embeddable":true,"href":"https:\/\/linitiative.ca\/International\/wp-json\/wp\/v2\/comments?post=154104"}],"version-history":[{"count":0,"href":"https:\/\/linitiative.ca\/International\/wp-json\/wp\/v2\/posts\/154104\/revisions"}],"wp:attachment":[{"href":"https:\/\/linitiative.ca\/International\/wp-json\/wp\/v2\/media?parent=154104"}],"wp:term":[{"taxonomy":"category","embeddable":true,"href":"https:\/\/linitiative.ca\/International\/wp-json\/wp\/v2\/categories?post=154104"},{"taxonomy":"post_tag","embeddable":true,"href":"https:\/\/linitiative.ca\/International\/wp-json\/wp\/v2\/tags?post=154104"}],"curies":[{"name":"wp","href":"https:\/\/api.w.org\/{rel}","templated":true}]}}