{"id":154107,"date":"2022-08-03T11:18:03","date_gmt":"2022-08-03T15:18:03","guid":{"rendered":"https:\/\/linitiative.ca\/International\/afrique-du-sud-baisse-des-prix-de-lessence\/"},"modified":"2022-08-03T11:18:03","modified_gmt":"2022-08-03T15:18:03","slug":"afrique-du-sud-baisse-des-prix-de-lessence","status":"publish","type":"post","link":"https:\/\/linitiative.ca\/International\/afrique-du-sud-baisse-des-prix-de-lessence\/","title":{"rendered":"Afrique du Sud : baisse des prix de l\u2019essence"},"content":{"rendered":"<div>\n<p><img decoding=\"async\" width=\"250\" height=\"200\" src=\"https:\/\/linitiative.ca\/International\/wp-content\/uploads\/sites\/23\/2022\/08\/16595398837748.jpg\" class=\"attachment-post-thumbnail size-post-thumbnail wp-post-image\" alt=\"\" loading=\"lazy\"><\/p>\n<p>La d\u00e9cision a \u00e9t\u00e9 prise en raison de la baisse des prix du p\u00e9trole brut Brent sur le march\u00e9 mondial.Les consommateurs sud-africains ont eu une agr\u00e9able surprise, mercredi 2 ao\u00fbt 2022, en apprenant que le prix de l&rsquo;essence a baiss\u00e9 de 1,32 dollars am\u00e9ricains. La baisse a touch\u00e9 toutes les qualit\u00e9s d&rsquo;essence, de diesel et de paraffine, mais une l\u00e9g\u00e8re augmentation du prix du gaz de cuisine, a pr\u00e9cis\u00e9 le minist\u00e8re sud-africain de l&rsquo;Energie.<\/p>\n<p>Le diesel \u00e0 0,05% de soufre co\u00fbte d\u00e9sormais 88 cents de moins, tandis que le prix du diesel \u00e0 0,005 % de soufre a diminu\u00e9 de 91 cents. Le prix de gros de la paraffine d&rsquo;\u00e9clairage a baiss\u00e9 de 1,44 R1, et le prix de d\u00e9tail d&rsquo;au moins 1,92 R1.<\/p>\n<p>Cependant, le prix de d\u00e9tail maximum du gaz a augment\u00e9 de 57 cents ce mois-ci.<\/p>\n<p>Le minist\u00e8re a expliqu\u00e9 que l&rsquo;un des principaux facteurs de cette baisse est la diminution du prix du p\u00e9trole brut Brent sur le march\u00e9 mondial, avec les craintes de r\u00e9cession et la Chine toujours aux prises avec la pand\u00e9mie de coronavirus.<\/p>\n<p>Cet article <a rel=\"nofollow\" href=\"https:\/\/www.journalducameroun.com\/afrique-du-sud-baisse-des-prix-de-lessence\/\">Afrique du Sud : baisse des prix de l\u2019essence<\/a> est apparu en premier sur <a rel=\"nofollow\" href=\"https:\/\/www.journalducameroun.com\/\">Journal du Cameroun<\/a>.<\/p>\n<\/div>\n<p>Auteur: APA News<br \/>\n<a href=\"https:\/\/www.journalducameroun.com\/afrique-du-sud-baisse-des-prix-de-lessence\/\">Cliquez ici pour lire l&rsquo;article depuis sa source.<\/a><\/p>\n","protected":false},"excerpt":{"rendered":"<p>La d\u00e9cision a \u00e9t\u00e9 prise en raison de la baisse des prix du p\u00e9trole brut Brent sur le march\u00e9 mondial.Les consommateurs sud-africains ont eu une agr\u00e9able surprise, mercredi 2 ao\u00fbt 2022, en apprenant que le prix de l&rsquo;essence a baiss\u00e9 de 1,32 dollars am\u00e9ricains. La baisse a touch\u00e9 toutes les qualit\u00e9s d&rsquo;essence, de diesel et [&hellip;]<\/p>\n","protected":false},"author":1965,"featured_media":0,"comment_status":"closed","ping_status":"closed","sticky":false,"template":"","format":"standard","meta":{"fifu_image_url":"https:\/\/www.journalducameroun.com\/wp-content\/uploads\/2022\/08\/16595398837748.jpg","fifu_image_alt":"Afrique du Sud : baisse des prix de l\u2019essence","footnotes":""},"categories":[73,82],"tags":[],"class_list":["post-154107","post","type-post","status-publish","format-standard","hentry","category-actualite","category-cameroun"],"_links":{"self":[{"href":"https:\/\/linitiative.ca\/International\/wp-json\/wp\/v2\/posts\/154107","targetHints":{"allow":["GET"]}}],"collection":[{"href":"https:\/\/linitiative.ca\/International\/wp-json\/wp\/v2\/posts"}],"about":[{"href":"https:\/\/linitiative.ca\/International\/wp-json\/wp\/v2\/types\/post"}],"author":[{"embeddable":true,"href":"https:\/\/linitiative.ca\/International\/wp-json\/wp\/v2\/users\/1965"}],"replies":[{"embeddable":true,"href":"https:\/\/linitiative.ca\/International\/wp-json\/wp\/v2\/comments?post=154107"}],"version-history":[{"count":0,"href":"https:\/\/linitiative.ca\/International\/wp-json\/wp\/v2\/posts\/154107\/revisions"}],"wp:attachment":[{"href":"https:\/\/linitiative.ca\/International\/wp-json\/wp\/v2\/media?parent=154107"}],"wp:term":[{"taxonomy":"category","embeddable":true,"href":"https:\/\/linitiative.ca\/International\/wp-json\/wp\/v2\/categories?post=154107"},{"taxonomy":"post_tag","embeddable":true,"href":"https:\/\/linitiative.ca\/International\/wp-json\/wp\/v2\/tags?post=154107"}],"curies":[{"name":"wp","href":"https:\/\/api.w.org\/{rel}","templated":true}]}}