{"id":154109,"date":"2022-08-03T11:42:55","date_gmt":"2022-08-03T15:42:55","guid":{"rendered":"https:\/\/linitiative.ca\/International\/cameroun-le-mrc-denonce-le-traitement-administre-a-son-militant-detenu-et-malade\/"},"modified":"2022-08-03T11:42:55","modified_gmt":"2022-08-03T15:42:55","slug":"cameroun-le-mrc-denonce-le-traitement-administre-a-son-militant-detenu-et-malade","status":"publish","type":"post","link":"https:\/\/linitiative.ca\/International\/cameroun-le-mrc-denonce-le-traitement-administre-a-son-militant-detenu-et-malade\/","title":{"rendered":"Cameroun : le MRC d\u00e9nonce le traitement administr\u00e9 \u00e0 son militant d\u00e9tenu et malade"},"content":{"rendered":"<div>\n<p><img decoding=\"async\" width=\"498\" height=\"290\" src=\"https:\/\/linitiative.ca\/International\/wp-content\/uploads\/sites\/23\/2022\/08\/LOGO-MRC.jpg\" class=\"attachment-post-thumbnail size-post-thumbnail wp-post-image\" alt=\"Le MRC d\u00e9nonce les mauvais traitements sur son militant\" loading=\"lazy\" srcset=\"https:\/\/linitiative.ca\/International\/wp-content\/uploads\/sites\/23\/2022\/08\/LOGO-MRC.jpg 498w, https:\/\/www.journalducameroun.com\/wp-content\/uploads\/2022\/08\/LOGO-MRC-300x175.jpg 300w\" sizes=\"auto, (max-width: 498px) 100vw, 498px\"><\/p>\n<h2 style=\"text-align: justify;\">Selon le parti de Maurice Kamto, Adolphe Kouam Tatchuemo reste encha\u00een\u00e9 sur son lit d\u2019h\u00f4pital malgr\u00e9 l&rsquo;arthropathie de ses deux membres sup\u00e9rieurs. Dans un communiqu\u00e9 en date du 03 ao\u00fbt 2022, le Mouvement pour la renaissance du Cameroun s\u2019indigne contre ce traitement de son militant condamn\u00e9 \u00e0 deux ans de prison.<\/h2>\n<p style=\"text-align: justify;\">\n<p style=\"text-align: justify;\">COMMUNIQUE DU MOUVEMENT POUR LA RENAISSANCE DU CAMEROUN (MRC) SUITE A L\u2019HOSPITALISATION DU NOMME KOUAM TATCHUEMO ADOLPHE ENCHA\u00ceN\u00c9 SUR UN LIT D\u2019H\u00d4PITAL<\/p>\n<p style=\"text-align: justify;\">Le Mouvement pour la Renaissance du Cameroun informe l\u2019opinion publique que Monsieur KOUAM TATCHUEMO Adolphe, militant du MRC, condamn\u00e9 \u00e0 deux ans de prison ferme par le Tribunal Militaire de Douala pour avoir particip\u00e9 aux Marches pacifiques du 22 Septembre 2020, a \u00e9t\u00e9 admis \u00e0 l\u2019h\u00f4pital Laquintinie \u00e0 Douala, suite \u00e0 l\u2019atrophie de ses membres sup\u00e9rieurs.<\/p>\n<p style=\"text-align: justify;\">Y \u00e9tant accompagn\u00e9 par des agents de l\u2019administration p\u00e9nitentiaire ayant pour mission de le surveiller, KOUAM TATCHUEMO Adolphe est depuis lors maintenu encha\u00een\u00e9 sur son lit d\u2019h\u00f4pital, et ce malgr\u00e9 les objections du personnel m\u00e9dical de cet h\u00f4pital public.<\/p>\n<p style=\"text-align: justify;\">A la suite de la publication sur les r\u00e9seaux sociaux des photos illustrant ce traitement cruel, inhumain et d\u00e9gradant, l\u2019agent de l\u2019administration p\u00e9nitentiaire charg\u00e9 de le surveiller va s\u2019offusquer, au point de serrer davantage la cha\u00eene sur le pied gauche de ce militant du MRC, \u00e0 l\u2019aide d\u2019un cadenas, obstruant ainsi la circulation sanguine.<\/p>\n<p style=\"text-align: justify;\">Plusieurs militants du MRC d\u00e9tenus font r\u00e9guli\u00e8rement l\u2019objet d\u2019un traitement similaire ; le cas le plus r\u00e9cent \u00e9tant celui du jeune Rodrigue NDAGUEHO KOUFET mort en d\u00e9tention dans des conditions atroces.<\/p>\n<p style=\"text-align: justify;\">Le MRC proteste vivement contre ce traitement inhumain, indigne de toute soci\u00e9t\u00e9 civilis\u00e9e, r\u00e9serv\u00e9 \u00e0 ses militants d\u00e9tenus alors qu\u2019en m\u00eame temps, certains pr\u00e9varicateurs de la fortune publique ayant au demeurant reconnu les faits et commis\u00a0 entre autres des infractions non concern\u00e9es par le D\u00e9cret du 04 Septembre 2013 fixant les modalit\u00e9s de restitution du corps du d\u00e9lit (transfert \u00e0 l\u2019\u00e9tranger de valeurs et sommes non d\u00e9clar\u00e9es), sont lib\u00e9r\u00e9s sur la base de ce texte inique, taill\u00e9 \u00e0 leur mesure, et c\u00e9l\u00e9br\u00e9s en grande pompe comme le seraient des h\u00e9ros nationaux.<\/p>\n<p style=\"text-align: justify;\">Fait \u00e0 Yaound\u00e9 le 03 Ao\u00fbt 2022<\/p>\n<p style=\"text-align: justify;\">Le Secr\u00e9taire National D\u00e9l\u00e9gu\u00e9 charg\u00e9 des<\/p>\n<p style=\"text-align: justify;\">Droits de l\u2019Homme et de la Gouvernance.<\/p>\n<p style=\"text-align: justify;\">Ma\u00eetre D\u00e9sir\u00e9 SIKATI (Avocat)<\/p>\n<p>Cet article <a rel=\"nofollow\" href=\"https:\/\/www.journalducameroun.com\/cameroun-le-mrc-denonce-le-traitement-administre-a-son-militant-detenu-et-malade\/\">Cameroun : le MRC d\u00e9nonce le traitement administr\u00e9 \u00e0 son militant d\u00e9tenu et malade<\/a> est apparu en premier sur <a rel=\"nofollow\" href=\"https:\/\/www.journalducameroun.com\/\">Journal du Cameroun<\/a>.<\/p>\n<\/div>\n<p>Auteur: Arnaud MAWEL<br \/>\n<a href=\"https:\/\/www.journalducameroun.com\/cameroun-le-mrc-denonce-le-traitement-administre-a-son-militant-detenu-et-malade\/\">Cliquez ici pour lire l&rsquo;article depuis sa source.<\/a><\/p>\n","protected":false},"excerpt":{"rendered":"<p>Selon le parti de Maurice Kamto, Adolphe Kouam Tatchuemo reste encha\u00een\u00e9 sur son lit d\u2019h\u00f4pital malgr\u00e9 l&rsquo;arthropathie de ses deux membres sup\u00e9rieurs. Dans un communiqu\u00e9 en date du 03 ao\u00fbt 2022, le Mouvement pour la renaissance du Cameroun s\u2019indigne contre ce traitement de son militant condamn\u00e9 \u00e0 deux ans de prison. COMMUNIQUE DU MOUVEMENT POUR [&hellip;]<\/p>\n","protected":false},"author":1965,"featured_media":0,"comment_status":"closed","ping_status":"closed","sticky":false,"template":"","format":"standard","meta":{"fifu_image_url":"https:\/\/www.journalducameroun.com\/wp-content\/uploads\/2022\/08\/LOGO-MRC.jpg","fifu_image_alt":"Cameroun : le MRC d\u00e9nonce le traitement administr\u00e9 \u00e0 son militant d\u00e9tenu et malade","footnotes":""},"categories":[73,82],"tags":[],"class_list":["post-154109","post","type-post","status-publish","format-standard","hentry","category-actualite","category-cameroun"],"_links":{"self":[{"href":"https:\/\/linitiative.ca\/International\/wp-json\/wp\/v2\/posts\/154109","targetHints":{"allow":["GET"]}}],"collection":[{"href":"https:\/\/linitiative.ca\/International\/wp-json\/wp\/v2\/posts"}],"about":[{"href":"https:\/\/linitiative.ca\/International\/wp-json\/wp\/v2\/types\/post"}],"author":[{"embeddable":true,"href":"https:\/\/linitiative.ca\/International\/wp-json\/wp\/v2\/users\/1965"}],"replies":[{"embeddable":true,"href":"https:\/\/linitiative.ca\/International\/wp-json\/wp\/v2\/comments?post=154109"}],"version-history":[{"count":0,"href":"https:\/\/linitiative.ca\/International\/wp-json\/wp\/v2\/posts\/154109\/revisions"}],"wp:attachment":[{"href":"https:\/\/linitiative.ca\/International\/wp-json\/wp\/v2\/media?parent=154109"}],"wp:term":[{"taxonomy":"category","embeddable":true,"href":"https:\/\/linitiative.ca\/International\/wp-json\/wp\/v2\/categories?post=154109"},{"taxonomy":"post_tag","embeddable":true,"href":"https:\/\/linitiative.ca\/International\/wp-json\/wp\/v2\/tags?post=154109"}],"curies":[{"name":"wp","href":"https:\/\/api.w.org\/{rel}","templated":true}]}}