{"id":154111,"date":"2022-08-03T11:59:28","date_gmt":"2022-08-03T15:59:28","guid":{"rendered":"https:\/\/linitiative.ca\/International\/le-camerounais-marius-noubissi-nouvel-attaquant-de-valenciennes\/"},"modified":"2022-08-03T11:59:28","modified_gmt":"2022-08-03T15:59:28","slug":"le-camerounais-marius-noubissi-nouvel-attaquant-de-valenciennes","status":"publish","type":"post","link":"https:\/\/linitiative.ca\/International\/le-camerounais-marius-noubissi-nouvel-attaquant-de-valenciennes\/","title":{"rendered":"Le Camerounais Marius Noubissi nouvel attaquant de Valenciennes"},"content":{"rendered":"<div>\n<p><img decoding=\"async\" width=\"474\" height=\"237\" src=\"https:\/\/linitiative.ca\/International\/wp-content\/uploads\/sites\/23\/2022\/08\/Marius-Noubissi.jpg\" class=\"attachment-post-thumbnail size-post-thumbnail wp-post-image\" alt=\"\" loading=\"lazy\" srcset=\"https:\/\/linitiative.ca\/International\/wp-content\/uploads\/sites\/23\/2022\/08\/Marius-Noubissi.jpg 474w, https:\/\/www.journalducameroun.com\/wp-content\/uploads\/2022\/08\/Marius-Noubissi-300x150.jpg 300w\" sizes=\"auto, (max-width: 474px) 100vw, 474px\"><\/p>\n<h2 style=\"text-align: justify;\">Apr\u00e8s quatre ann\u00e9es de bons et loyaux services, l\u2019attaquant camerounais a quitt\u00e9 le club belge de Beerschot \u00a0afin de relever un nouveau challenge.<\/h2>\n<p style=\"text-align: justify;\">Le week-end dernier, Valenciennes a lanc\u00e9 sa saison 2022\/23 de Ligue 2 par un nul sur la pelouse des Girondins de Bordeaux (0-0). Une rencontre durant laquelle Ugo Bonnet \u00e9tait titulaire \u00e0 la pointe de l&rsquo;attaque mais le joueur de 28 ans va bient\u00f4t avoir un concurrent aux avant-postes. Selon nos informations, le VAFC vient en effet d&rsquo;enr\u00f4ler le Camerounais Marius Noubissi, libre depuis quelques semaines et la fin de son exp\u00e9rience \u00e0 Beerschot (Belgique).<\/p>\n<p style=\"text-align: justify;\">L&rsquo;\u00e9l\u00e9ment offensif de 25 ans, \u00e9galement pass\u00e9 par Ilves (Finlande), Gil Vicente (Portugal) ou encore le Club Sportif Sfaxien (Tunisie) va donc d\u00e9couvrir la deuxi\u00e8me division fran\u00e7aise sous les couleurs rouges et blanches. La saison pass\u00e9e, le natif de Bamougoum avait disput\u00e9 21 matches en Jupiler Pro League (D1 belge) et marqu\u00e9 4 buts.<\/p>\n<p style=\"text-align: justify;\">En fin de contrat,\u00a0Marius Noubissi a donc quitt\u00e9 le Beerschot\u00a0 ces jours apr\u00e8s une ann\u00e9e chaotique qui a vu le club \u00eatre rel\u00e9gu\u00e9 en deuxi\u00e8me division. \u00ab\u00a0Une ann\u00e9e compliqu\u00e9e pour l&rsquo;\u00e9quipe, mais aussi pour moi. Il y a eu les p\u00e9pins physiques en g\u00e9n\u00e9ral dont mes probl\u00e8mes aux adducteurs dont deux d\u00e9chirures puis les changements de coach ont pes\u00e9 dans la balance aussi. Le niveau de concentration n&rsquo;\u00e9tait plus\u00a0le m\u00eame que les ann\u00e9es pr\u00e9c\u00e9dentes. Sans oublier le fait que nous ne sommes pas parvenus \u00e0 revenir \u00e0 notre niveau de ces deux derni\u00e8res ann\u00e9es\u00a0\u00bb, nous confie le buteur\u00a0camerounais qui a disput\u00e9 94 rencontres pour les Rats toutes comp\u00e9titions confondues et inscrit 25 buts et distill\u00e9 5 passes d\u00e9cisives.<\/p>\n<p>Cet article <a rel=\"nofollow\" href=\"https:\/\/www.journalducameroun.com\/le-camerounais-marius-noubissi-nouvel-attaquant-de-valenciennes\/\">Le Camerounais Marius Noubissi nouvel attaquant de Valenciennes<\/a> est apparu en premier sur <a rel=\"nofollow\" href=\"https:\/\/www.journalducameroun.com\/\">Journal du Cameroun<\/a>.<\/p>\n<\/div>\n<p>Auteur: Emile Zola Nd\u00e9 Tchoussi<br \/>\n<a href=\"https:\/\/www.journalducameroun.com\/le-camerounais-marius-noubissi-nouvel-attaquant-de-valenciennes\/\">Cliquez ici pour lire l&rsquo;article depuis sa source.<\/a><\/p>\n","protected":false},"excerpt":{"rendered":"<p>Apr\u00e8s quatre ann\u00e9es de bons et loyaux services, l\u2019attaquant camerounais a quitt\u00e9 le club belge de Beerschot \u00a0afin de relever un nouveau challenge. Le week-end dernier, Valenciennes a lanc\u00e9 sa saison 2022\/23 de Ligue 2 par un nul sur la pelouse des Girondins de Bordeaux (0-0). Une rencontre durant laquelle Ugo Bonnet \u00e9tait titulaire \u00e0 [&hellip;]<\/p>\n","protected":false},"author":1965,"featured_media":0,"comment_status":"closed","ping_status":"closed","sticky":false,"template":"","format":"standard","meta":{"fifu_image_url":"https:\/\/www.journalducameroun.com\/wp-content\/uploads\/2022\/08\/Marius-Noubissi.jpg","fifu_image_alt":"Le Camerounais Marius Noubissi nouvel attaquant de Valenciennes","footnotes":""},"categories":[73,82],"tags":[],"class_list":["post-154111","post","type-post","status-publish","format-standard","hentry","category-actualite","category-cameroun"],"_links":{"self":[{"href":"https:\/\/linitiative.ca\/International\/wp-json\/wp\/v2\/posts\/154111","targetHints":{"allow":["GET"]}}],"collection":[{"href":"https:\/\/linitiative.ca\/International\/wp-json\/wp\/v2\/posts"}],"about":[{"href":"https:\/\/linitiative.ca\/International\/wp-json\/wp\/v2\/types\/post"}],"author":[{"embeddable":true,"href":"https:\/\/linitiative.ca\/International\/wp-json\/wp\/v2\/users\/1965"}],"replies":[{"embeddable":true,"href":"https:\/\/linitiative.ca\/International\/wp-json\/wp\/v2\/comments?post=154111"}],"version-history":[{"count":0,"href":"https:\/\/linitiative.ca\/International\/wp-json\/wp\/v2\/posts\/154111\/revisions"}],"wp:attachment":[{"href":"https:\/\/linitiative.ca\/International\/wp-json\/wp\/v2\/media?parent=154111"}],"wp:term":[{"taxonomy":"category","embeddable":true,"href":"https:\/\/linitiative.ca\/International\/wp-json\/wp\/v2\/categories?post=154111"},{"taxonomy":"post_tag","embeddable":true,"href":"https:\/\/linitiative.ca\/International\/wp-json\/wp\/v2\/tags?post=154111"}],"curies":[{"name":"wp","href":"https:\/\/api.w.org\/{rel}","templated":true}]}}