{"id":154116,"date":"2022-08-03T11:31:40","date_gmt":"2022-08-03T15:31:40","guid":{"rendered":"https:\/\/linitiative.ca\/International\/formation-professionnelle-un-centre-de-formation-aux-metiers-du-textile-en-gestation-au-cameroun\/"},"modified":"2022-08-03T11:31:40","modified_gmt":"2022-08-03T15:31:40","slug":"formation-professionnelle-un-centre-de-formation-aux-metiers-du-textile-en-gestation-au-cameroun","status":"publish","type":"post","link":"https:\/\/linitiative.ca\/International\/formation-professionnelle-un-centre-de-formation-aux-metiers-du-textile-en-gestation-au-cameroun\/","title":{"rendered":"Formation professionnelle\u00a0: un centre de formation aux m\u00e9tiers du textile en gestation au Cameroun"},"content":{"rendered":"<div>\n<p>Le 29 juillet 2022, le ministre de l\u2019Emploi et de la formation professionnelle (Minefop), Issa Tchiroma Bakary a re\u00e7u en audience une d\u00e9l\u00e9gation de l\u2019Office marocain de la formation professionnelle pour la promotion du travail. Les \u00e9changes ont port\u00e9 sur le projet de cr\u00e9ation d\u2019un nouveau centre de formation professionnelle aux m\u00e9tiers du textile dans le pays. Un projet qui sera financ\u00e9 par la Banque islamique de d\u00e9veloppement, et qui, \u00e0 terme, viendra permettre au pays de disposer d\u2019une main d\u2019\u0153uvre qualifi\u00e9e dans ce domaine. Ce qui est d\u00e9j\u00e0 le cas au vu de la cr\u00e9ation d\u2019\u00e9coles ou centres de formation professionnelle qui produisent chaque ann\u00e9e des stylistes, mod\u00e9listes, coloristes, tullistes, ou encore des prototypistes. L\u2019exemple de l\u2019Institut de beaux-arts de Foumban, ou encore le d\u00e9partement de g\u00e9nie textile et cuir, de l\u2019universit\u00e9 de Maroua dans l\u2019Extr\u00eame-Nord.<\/p>\n<p>Outre la main d\u2019\u0153uvre qualifi\u00e9e, l\u2019on pourrait entrevoir en cette action la volont\u00e9 du gouvernement de vouloir booster la production du textile. En effet, seulement 2% du coton camerounais est transform\u00e9 en produits textiles et vestimentaires. Ce qui est tr\u00e8s loin des objectifs fix\u00e9s par la Strat\u00e9gie nationale de d\u00e9veloppement (SND30), sur ce secteur \u00e0 l\u2019horizon 2030. Il s\u2019agit notamment d\u2019int\u00e9grer la transformation industrielle de la fibre locale pour atteindre un taux minimum de 50% \u00e0 l\u2019horizon 2030 ; d\u00e9velopper une industrie de fabrication et de confection des tenues, notamment de sport (maillot, surv\u00eatement, basket, etc.), capable de satisfaire au moins 50% de la demande nationale ; et fournir les grands corps de l\u2019\u00c9tat (militaires, policiers et civils), en tenues et \u00e9quipements vestimentaires incorporant au moins 60% du coton camerounais.<\/p>\n<p><strong>Lire aussi : <a href=\"https:\/\/ecomatin.net\/le-cameroun-sassocie-a-lallemagne-pour-relancer-r-la-filiere-textile\/\" target=\"_blank\" rel=\"noreferrer noopener\">Le Cameroun s\u2019associe \u00e0 l\u2019Allemagne pour relancer la fili\u00e8re textile<\/a><\/strong><\/p>\n<p><strong>Paradoxe<\/strong><\/p>\n<p>Autre aspect non n\u00e9gligeable de la cr\u00e9ation de cette \u00e9cole: la r\u00e9duction des importations de mati\u00e8re textile. En effet, le Cameroun d\u00e9pense en moyenne 80 milliards de Fcfa chaque ann\u00e9e dans le cadre des importations de mati\u00e8res textiles. En 2019, le pays a import\u00e9 121 935 tonnes de mati\u00e8res textiles pour un montant de 101,71 milliards de Fcfa, soit pr\u00e8s de 40 milliards de Fcfa pour importer 73 170 tonnes de v\u00eatements de seconde main. Il s\u2019agit l\u00e0 d\u2019un paradoxe, lorsqu\u2019on sait selon certaines statistiques que le Cameroun pourrait \u00eatre le 5\u00e8me plus grand exportateurs de coton en Afrique, et class\u00e9 12\u00e8me sur le plan international avec une production qui atteint les 370 000 tonnes \u00e0 travers son entreprise publique la Soci\u00e9t\u00e9 de d\u00e9veloppement du coton (Sodecoton).<\/p>\n<p><strong>Lire aussi : <a href=\"https:\/\/ecomatin.net\/perspectives-la-fusion-sodecoton-cicam-une-option-de-relance-de-la-filiere-coton-textile\/\" target=\"_blank\" rel=\"noreferrer noopener\">Perspectives\u00a0: la fusion Sodecoton-Cicam, une option de relance de la fili\u00e8re coton-textile<\/a><\/strong><\/p>\n<p>Selon une source bien introduite dans le secteur, ce paradoxe qui fait du Cameroun un importateur de mati\u00e8re textiles \u00e0 coup de milliards, pourtant figurant parmi les plus grand producteurs de coton en Afrique, est d\u00fb au fait que, le pays ne dispose que d\u2019une seule usine de transformation, la Cotonni\u00e8re industrielle du Cameroun (Cicam). Une soci\u00e9t\u00e9 publique cr\u00e9\u00e9e en 1965 et principal fabricant de textile dans le pays. \u00ab Les produits locaux sont chers, parce que le Cameroun ne dispose pas d\u2019assez d\u2019usines qui assurent la transformation du coton brute en produits finis. C\u2019est pour cela que les pagnes et autres tissus que produit la Cicam sont chers et ne sont pas \u00e0 la port\u00e9e de tous les Camerounais, environ 6000 F pour un pagne de 6 yards. Ils vont donc pr\u00e9f\u00e9rer aller se ravitailler \u00e0 la friperie o\u00f9 avec 1000 F et m\u00eame 500 on peut trouver son compte \u00bb poursuit- il.<\/p>\n<p>Conscient du fait que, le monopole de la Cicam alimente ces importations de mati\u00e8re textile, l\u2019Etat du Cameroun envisage la cr\u00e9ation d\u2019une deuxi\u00e8me usine de filature du coton, dont la capacit\u00e9 de production annuelle est estim\u00e9e \u00e0 300 000 tonnes, dans le but d\u2019amenuiser ces importations.<\/p>\n<p><strong>Lire aussi : <a href=\"https:\/\/ecomatin.net\/filiere-coton-textile-vers-la-creation-dune-deuxieme-usine-de-filature-du-coton\/\" target=\"_blank\" rel=\"noreferrer noopener\">Fili\u00e8re coton-textile : vers la cr\u00e9ation d\u2019une deuxi\u00e8me usine de filature du coton<\/a><\/strong><\/p>\n<p>L\u2019article <a rel=\"nofollow\" href=\"https:\/\/ecomatin.net\/formation-professionnelle-un-centre-de-formation-aux-metiers-du-textile-en-gestation-au-cameroun\/\">Formation professionnelle\u00a0: un centre de formation aux m\u00e9tiers du textile en gestation au Cameroun<\/a> est apparu en premier sur <a rel=\"nofollow\" href=\"https:\/\/ecomatin.net\/\">EcoMatin<\/a>.<\/p>\n<\/div>\n<p>Auteur: Leonel Balla<br \/>\n<a href=\"https:\/\/ecomatin.net\/formation-professionnelle-un-centre-de-formation-aux-metiers-du-textile-en-gestation-au-cameroun\/\">Cliquez ici pour lire l&rsquo;article depuis sa source.<\/a><\/p>\n","protected":false},"excerpt":{"rendered":"<p>Le 29 juillet 2022, le ministre de l\u2019Emploi et de la formation professionnelle (Minefop), Issa Tchiroma Bakary a re\u00e7u en audience une d\u00e9l\u00e9gation de l\u2019Office marocain de la formation professionnelle pour la promotion du travail. Les \u00e9changes ont port\u00e9 sur le projet de cr\u00e9ation d\u2019un nouveau centre de formation professionnelle aux m\u00e9tiers du textile dans [&hellip;]<\/p>\n","protected":false},"author":1969,"featured_media":0,"comment_status":"closed","ping_status":"closed","sticky":false,"template":"","format":"standard","meta":{"fifu_image_url":"","fifu_image_alt":"","footnotes":""},"categories":[82,78],"tags":[],"class_list":["post-154116","post","type-post","status-publish","format-standard","hentry","category-cameroun","category-economie"],"_links":{"self":[{"href":"https:\/\/linitiative.ca\/International\/wp-json\/wp\/v2\/posts\/154116","targetHints":{"allow":["GET"]}}],"collection":[{"href":"https:\/\/linitiative.ca\/International\/wp-json\/wp\/v2\/posts"}],"about":[{"href":"https:\/\/linitiative.ca\/International\/wp-json\/wp\/v2\/types\/post"}],"author":[{"embeddable":true,"href":"https:\/\/linitiative.ca\/International\/wp-json\/wp\/v2\/users\/1969"}],"replies":[{"embeddable":true,"href":"https:\/\/linitiative.ca\/International\/wp-json\/wp\/v2\/comments?post=154116"}],"version-history":[{"count":0,"href":"https:\/\/linitiative.ca\/International\/wp-json\/wp\/v2\/posts\/154116\/revisions"}],"wp:attachment":[{"href":"https:\/\/linitiative.ca\/International\/wp-json\/wp\/v2\/media?parent=154116"}],"wp:term":[{"taxonomy":"category","embeddable":true,"href":"https:\/\/linitiative.ca\/International\/wp-json\/wp\/v2\/categories?post=154116"},{"taxonomy":"post_tag","embeddable":true,"href":"https:\/\/linitiative.ca\/International\/wp-json\/wp\/v2\/tags?post=154116"}],"curies":[{"name":"wp","href":"https:\/\/api.w.org\/{rel}","templated":true}]}}