{"id":15415,"date":"2019-02-18T19:04:48","date_gmt":"2019-02-19T00:04:48","guid":{"rendered":"https:\/\/linitiative.ca\/International\/assemblee-nationale-christophe-dabire-investit-premier-ministre\/"},"modified":"2019-02-18T19:04:48","modified_gmt":"2019-02-19T00:04:48","slug":"assemblee-nationale-christophe-dabire-investit-premier-ministre","status":"publish","type":"post","link":"https:\/\/linitiative.ca\/International\/assemblee-nationale-christophe-dabire-investit-premier-ministre\/","title":{"rendered":"Assembl\u00e9e nationale : Christophe Dabir\u00e9 Investit Premier ministre"},"content":{"rendered":"<div class=\"td-post-featured-image\"><a href=\"https:\/\/i0.wp.com\/www.sidwaya.info\/wp-content\/uploads\/2019\/02\/Discours-DDP.jpg?fit=600%2C400&#038;ssl=1\" data-caption=\"\"><img loading=\"lazy\" decoding=\"async\" width=\"600\" height=\"400\" class=\"entry-thumb td-modal-image\" src=\"https:\/\/i0.wp.com\/www.sidwaya.info\/wp-content\/uploads\/2019\/02\/Discours-DDP.jpg?resize=600%2C400&#038;ssl=1\" srcset=\"https:\/\/i0.wp.com\/www.sidwaya.info\/wp-content\/uploads\/2019\/02\/Discours-DDP.jpg?w=600&#038;ssl=1 600w, https:\/\/i0.wp.com\/www.sidwaya.info\/wp-content\/uploads\/2019\/02\/Discours-DDP.jpg?resize=300%2C200&#038;ssl=1 300w\" sizes=\"auto, (max-width: 600px) 100vw, 600px\" alt=\"\" title=\"Discours-DDP\"\/><\/a><\/div>\n<div class=\"td-a-rec td-a-rec-id-content_top td_uid_21_5c6c287272de0_rand td_block_template_1\"><img loading=\"lazy\" decoding=\"async\" class=\"aligncenter size-full wp-image-4463\" src=\"https:\/\/www.sidwaya.info\/wp-content\/uploads\/2019\/02\/FESPACO-TOUR-2019-Bannie%CC%80re-728x90-1.jpg\" alt=\"\" width=\"728\" height=\"90\"\/><\/div>\n<p><strong>Le Premier ministre, Christophe Joseph Marie Dabir\u00e9, \u00e9tait hier lundi 18 f\u00e9vrier 2019, devant l\u2019Assembl\u00e9e nationale pour d\u00e9cliner les grandes lignes de la politique g\u00e9n\u00e9rale de son gouvernement. Il a r\u00e9ussi avec brio cet exercice constitutionnel \u00e0 valeur d\u2019investiture.<\/strong><\/p>\n<p>Promu \u00e0 la t\u00eate de l\u2019ex\u00e9cutif burkinab\u00e8 au moment o\u00f9 le pays fait face \u00e0 de multiples d\u00e9fis, le nouveau Premier ministre, Christophe Joseph Marie Dabir\u00e9, a d\u00e9sormais l\u2019onction des d\u00e9put\u00e9s. Avec un vote de 84 voix pour, 19 contre et 23 abstentions, sa D\u00e9claration de sa politique g\u00e9n\u00e9rale a re\u00e7u l\u2019aval du Parlement.<\/p>\n<p><img loading=\"lazy\" decoding=\"async\" class=\" wp-image-4455\" src=\"https:\/\/i1.wp.com\/www.sidwaya.info\/wp-content\/uploads\/2019\/02\/Bala-Sakande.jpg?resize=351%2C214&#038;ssl=1\" alt=\"\" width=\"351\" height=\"214\" srcset=\"https:\/\/i1.wp.com\/www.sidwaya.info\/wp-content\/uploads\/2019\/02\/Bala-Sakande.jpg?zoom=2&#038;resize=351%2C214&#038;ssl=1 702w, https:\/\/i1.wp.com\/www.sidwaya.info\/wp-content\/uploads\/2019\/02\/Bala-Sakande.jpg?zoom=3&#038;resize=351%2C214&#038;ssl=1 1053w\" sizes=\"auto, (max-width: 351px) 100vw, 351px\" data-recalc-dims=\"1\"\/>Le PAN, Alassane Bala Sakand\u00e9, a dirig\u00e9 les travaux lors de cette pl\u00e9ni\u00e8re.<\/p>\n<p>Investi de fait, il pourra remplir sa mission de plein droit en vue de conduire le Burkina vers de lendemains meilleurs. Pendant une heure environ, le chef du gouvernement, dans son expos\u00e9, a fait le tour des principaux sujets de pr\u00e9occupation du peuple burkinab\u00e8, d\u00e9clinant les strat\u00e9gies et actions que son \u00e9quipe compte d\u00e9ployer afin d\u2019impulser une nouvelle dynamique dans la recherche de solutions.<\/p>\n<p>A l\u2019\u00e9couter, la feuille de route de son gouvernement s\u2019articulera autour de cinq principaux axes, \u00e0 savoir le devoir de relever les d\u00e9fis s\u00e9curitaires, l\u2019exigence de pallier l\u2019effritement de la coh\u00e9sion sociale, l\u2019obligation d\u2019instaurer une gouvernance vertueuse, la n\u00e9cessit\u00e9 de renforcer le capital humain et la volont\u00e9 de redynamiser l\u2019\u00e9conomie nationale.<\/p>\n<p>Sur la question s\u00e9curitaire, Christophe Dabir\u00e9 a rappel\u00e9 que depuis 2015, le Burkina Faso est la cible d\u2019attaques terroristes qui se sont accentu\u00e9es ces derniers temps avec pour corolaires, assassinats l\u00e2ches, prises d\u2019otages, destructions d\u2019\u00e9difices publics mettant en p\u00e9ril la paix et la s\u00e9curit\u00e9 des personnes et des biens dans plusieurs parties du pays. Convaincu que la paix et la s\u00e9curit\u00e9 sont des conditions indispensables pour la mise en \u0153uvre d\u2019un programme de d\u00e9veloppement, le nouvel ex\u00e9cutif s\u2019est engag\u00e9 \u00e0 apporter des r\u00e9ponses \u00ab\u00a0vigoureuses\u00a0\u00bb et \u00ab\u00a0diligentes\u00a0\u00bb \u00e0 la s\u00e9curisation du territoire national.<\/p>\n<p>Cela doit passer, entre autres, par l\u2019op\u00e9rationnalisation rapide de la loi de programmation militaire quinquennale 2018-2022 qui permettra de doter les Forces de d\u00e9fense et de s\u00e9curit\u00e9 (FDS) en moyens logistiques et mat\u00e9riels ad\u00e9quats. De m\u00eame qu\u2019une \u00ab\u00a0pr\u00e9sence renforc\u00e9e\u00a0\u00bb des FDS sur l\u2019ensemble du pays \u00e0 travers la cr\u00e9ation de commissariats de police et de postes de gendarmerie et le renforcement des effectifs d\u00e9ploy\u00e9s sur le terrain.<\/p>\n<p>Mais de l\u2019avis du Premier ministre, en plus de l\u2019action militaire, les populations civiles ont aussi un r\u00f4le \u00e0 jouer dans le combat contre le terrorisme. \u00ab\u00a0Face \u00e0 cette barbarie d\u2019une autre \u00e9poque, il faut l\u2019union sacr\u00e9e de tous les Burkinab\u00e8 car comme l\u2019affirmait feu Thomas Sankara, notre peuple unis et mobilis\u00e9 constitue une force in\u00e9branlable, une puissance capable de prendre en main son propre destin\u00a0\u00bb, a-t-il cit\u00e9.<\/p>\n<p><strong>Prendre en main son destin<\/strong><\/p>\n<p>Dans sa nouvelle strat\u00e9gie, le gouvernement, tout en sollicitant l\u2019appui de la communaut\u00e9 internationale pour faire face aux groupes terroristes, compte sur la capacit\u00e9 des hommes avec une formation de qualit\u00e9 \u00e0 la hauteur des d\u00e9fis du moment.<\/p>\n<p>Concernant la justice, M. Dabir\u00e9 estime que l\u2019ind\u00e9pendance des magistrats dans la conduite des dossiers devrait permettre de lutter contre l\u2019incivisme, de combattre l\u2019impunit\u00e9 et de prot\u00e9ger les droits humains. Mais le constat, a-t-il fait remarquer, est tout autre sur le terrain, pr\u00e9cisant que les Burkinab\u00e8 dans une large majorit\u00e9 ne sont pas satisfaits de leur justice, notamment de la lenteur observ\u00e9e dans le traitement de certains dossiers embl\u00e9matiques.<\/p>\n<p>Les r\u00e9formes institutionnelles en cours devront permettre \u00e0 l\u2019appareil judiciaire de proc\u00e9der \u00e0 un traitement diligent des nombreuses affaires en souffrance, foi du chef du gouvernement. La situation \u00e9conomique qualifi\u00e9e par certains de \u00ab\u00a0morose\u00a0\u00bb est l\u2019un des sujets sur lesquels, le nouveau patron de l\u2019ex\u00e9cutif burkinab\u00e8 \u00e9tait tr\u00e8s attendu. Celui-ci n\u2019a pas fait dans la langue de bois en signifiant clairement qu\u2019il y a une n\u00e9cessit\u00e9 de prendre des mesures vigoureuses pour redynamiser l\u2019activit\u00e9 \u00e9conomique.<\/p>\n<p>Aux nombres de ces mesures, on note entre autres, l\u2019am\u00e9lioration du climat des affaires et des investissements, le d\u00e9veloppement des secteurs de soutien \u00e0 la production, le renforcement du pilotage de l\u2019\u00e9conomie et l\u2019inversion de la tendance \u00e0 la d\u00e9gradation de l\u2019environnement.<\/p>\n<p><img loading=\"lazy\" decoding=\"async\" class=\" wp-image-4456\" src=\"https:\/\/i0.wp.com\/www.sidwaya.info\/wp-content\/uploads\/2019\/02\/Membre-gouv.jpg?resize=403%2C333&#038;ssl=1\" alt=\"\" width=\"403\" height=\"333\" srcset=\"https:\/\/i0.wp.com\/www.sidwaya.info\/wp-content\/uploads\/2019\/02\/Membre-gouv.jpg?zoom=2&#038;resize=403%2C333&#038;ssl=1 806w, https:\/\/i0.wp.com\/www.sidwaya.info\/wp-content\/uploads\/2019\/02\/Membre-gouv.jpg?zoom=3&#038;resize=403%2C333&#038;ssl=1 1209w\" sizes=\"auto, (max-width: 403px) 100vw, 403px\" data-recalc-dims=\"1\"\/>Les membres de l\u2019ex\u00e9cutif ont \u00e9t\u00e9 t\u00e9moin de l\u2019exercice.<\/p>\n<p>A cela s\u2019ajoute l\u2019acc\u00e9l\u00e9ration de la mise en \u0153uvre du Plan national du d\u00e9veloppement \u00e9conomique et social (PNDES), dont l\u2019ambition est de contribuer \u00e0 l\u2019am\u00e9lioration significative des conditions de vie des populations. Cela est d\u2019autant plus urgent que quatre Burkinab\u00e8 sur dix vivent encore en dessous du seuil de pauvret\u00e9 estim\u00e9 \u00e0 153\u00a0000 francs CFA par an et par personne, selon le Premier ministre, un ancien commissaire de l\u2019UEMOA.<\/p>\n<p>La question de la r\u00e9duction du train de vie de l\u2019Etat qui focalise les attentions au sein de l\u2019opinion \u00e9tait au menu de l\u2019expos\u00e9. Christophe Dabir\u00e9 a affirm\u00e9 son engagement \u00e0 poursuivre les r\u00e9formes des r\u00e9mun\u00e9rations des agents publics de l\u2019Etat \u00e0 travers la mise en \u0153uvre des conclusions et recommandations de la conf\u00e9rence nationale sur le sujet.<\/p>\n<p>Et cela passe, \u00e0 l\u2019en croire, par la red\u00e9finition des modalit\u00e9s de paiement des salaires des hautes autorit\u00e9s investies d\u2019une charge politique ou administrative. L\u2019autonomisation des femmes et l\u2019emploi des jeunes, l\u2019\u00e9nergie \u00e9lectrique, l\u2019\u00e9ducation, la sant\u00e9 sont aussi des points ayant retenu l\u2019attention des d\u00e9put\u00e9s. A l\u2019occasion, Christophe Dabr\u00e9 a rendu hommage \u00e0 son pr\u00e9d\u00e9cesseur, Paul Kaba Thi\u00e9ba.<\/p>\n<p class=\"c1\"><strong>Beyon Romain NEBIE<\/strong><br \/><em>nbeyonromain@yahoo.fr<\/em><\/p>\n<div class=\"td-a-rec td-a-rec-id-content_bottom td_uid_22_5c6c287272f36_rand td_block_template_1\"><img loading=\"lazy\" decoding=\"async\" class=\"alignright size-full wp-image-1724\" src=\"https:\/\/www.sidwaya.info\/wp-content\/uploads\/2018\/12\/sidwaya-pub.jpg\" alt=\"\" width=\"720\" height=\"90\"\/><\/div>\n<p>Auteur: DB. Sidwaya<br \/>\n<a href=\"https:\/\/www.sidwaya.info\/blog\/2019\/02\/19\/assemblee-nationale-christophe-dabire-investit-premier-ministre\/\">Cliquez ici pour lire l&rsquo;article depuis sa source.<\/a><\/p>\n","protected":false},"excerpt":{"rendered":"<p>Le Premier ministre, Christophe Joseph Marie Dabir\u00e9, \u00e9tait hier lundi 18 f\u00e9vrier 2019, devant l\u2019Assembl\u00e9e nationale pour d\u00e9cliner les grandes lignes de la politique g\u00e9n\u00e9rale de son gouvernement. Il a r\u00e9ussi avec brio cet exercice constitutionnel \u00e0 valeur d\u2019investiture. Promu \u00e0 la t\u00eate de l\u2019ex\u00e9cutif burkinab\u00e8 au moment o\u00f9 le pays fait face \u00e0 de [&hellip;]<\/p>\n","protected":false},"author":1816,"featured_media":0,"comment_status":"closed","ping_status":"closed","sticky":false,"template":"","format":"standard","meta":{"fifu_image_url":"","fifu_image_alt":"","footnotes":""},"categories":[73,81],"tags":[],"class_list":["post-15415","post","type-post","status-publish","format-standard","hentry","category-actualite","category-burkina-faso"],"_links":{"self":[{"href":"https:\/\/linitiative.ca\/International\/wp-json\/wp\/v2\/posts\/15415","targetHints":{"allow":["GET"]}}],"collection":[{"href":"https:\/\/linitiative.ca\/International\/wp-json\/wp\/v2\/posts"}],"about":[{"href":"https:\/\/linitiative.ca\/International\/wp-json\/wp\/v2\/types\/post"}],"author":[{"embeddable":true,"href":"https:\/\/linitiative.ca\/International\/wp-json\/wp\/v2\/users\/1816"}],"replies":[{"embeddable":true,"href":"https:\/\/linitiative.ca\/International\/wp-json\/wp\/v2\/comments?post=15415"}],"version-history":[{"count":0,"href":"https:\/\/linitiative.ca\/International\/wp-json\/wp\/v2\/posts\/15415\/revisions"}],"wp:attachment":[{"href":"https:\/\/linitiative.ca\/International\/wp-json\/wp\/v2\/media?parent=15415"}],"wp:term":[{"taxonomy":"category","embeddable":true,"href":"https:\/\/linitiative.ca\/International\/wp-json\/wp\/v2\/categories?post=15415"},{"taxonomy":"post_tag","embeddable":true,"href":"https:\/\/linitiative.ca\/International\/wp-json\/wp\/v2\/tags?post=15415"}],"curies":[{"name":"wp","href":"https:\/\/api.w.org\/{rel}","templated":true}]}}