{"id":154151,"date":"2022-08-04T11:07:38","date_gmt":"2022-08-04T15:07:38","guid":{"rendered":"https:\/\/linitiative.ca\/International\/industrie-lactivite-sameliore-en-juin\/"},"modified":"2022-08-04T11:07:38","modified_gmt":"2022-08-04T15:07:38","slug":"industrie-lactivite-sameliore-en-juin","status":"publish","type":"post","link":"https:\/\/linitiative.ca\/International\/industrie-lactivite-sameliore-en-juin\/","title":{"rendered":"Industrie: L&rsquo;activit\u00e9 s&rsquo;am\u00e9liore en juin"},"content":{"rendered":"<div>\n<div class=\"field field-name-body field-type-text-with-summary field-label-hidden\">\n<div class=\"field-items\">\n<div class=\"field-item even\" property=\"content:encoded\">\n<p class=\"rtejustify\">L\u2019activit\u00e9 industrielle s\u2019est am\u00e9lior\u00e9e au mois de juin dernier, selon l\u2019enqu\u00eate de conjoncture de Bank Al-Maghrib (BAM). La production aurait progress\u00e9 dans toutes les branches \u00e0 l\u2019exception de la chimie\/parachimie o\u00f9 elle aurait baiss\u00e9, note BAM. Dans ces conditions, le Taux d\u2019Utilisation des Capacit\u00e9s de production (TUC) se serait \u00e9tabli \u00e0 74%, en l\u00e9g\u00e8re augmentation par rapport au mois pr\u00e9c\u00e9dent, se situant \u00e0 des niveaux comparables \u00e0 ceux observ\u00e9s avant la crise sanitaire, pr\u00e9cise la banque centrale dont l\u2019enqu\u00eate a \u00e9t\u00e9 r\u00e9alis\u00e9e entre le 1er et le 29 juillet.<\/p>\n<\/div>\n<\/div>\n<\/div>\n<\/div>\n<p>Auteur: hgueye<br \/>\n<a href=\"https:\/\/www.leconomiste.com\/flash-infos\/industrie-l-activite-s-ameliore-en-juin\">Cliquez ici pour lire l&rsquo;article depuis sa source.<\/a><\/p>\n","protected":false},"excerpt":{"rendered":"<p>L\u2019activit\u00e9 industrielle s\u2019est am\u00e9lior\u00e9e au mois de juin dernier, selon l\u2019enqu\u00eate de conjoncture de Bank Al-Maghrib (BAM). La production aurait progress\u00e9 dans toutes les branches \u00e0 l\u2019exception de la chimie\/parachimie o\u00f9 elle aurait baiss\u00e9, note BAM. Dans ces conditions, le Taux d\u2019Utilisation des Capacit\u00e9s de production (TUC) se serait \u00e9tabli \u00e0 74%, en l\u00e9g\u00e8re augmentation [&hellip;]<\/p>\n","protected":false},"author":1763,"featured_media":0,"comment_status":"closed","ping_status":"closed","sticky":false,"template":"","format":"standard","meta":{"fifu_image_url":"","fifu_image_alt":"","footnotes":""},"categories":[78,54],"tags":[],"class_list":["post-154151","post","type-post","status-publish","format-standard","hentry","category-economie","category-maroc"],"_links":{"self":[{"href":"https:\/\/linitiative.ca\/International\/wp-json\/wp\/v2\/posts\/154151","targetHints":{"allow":["GET"]}}],"collection":[{"href":"https:\/\/linitiative.ca\/International\/wp-json\/wp\/v2\/posts"}],"about":[{"href":"https:\/\/linitiative.ca\/International\/wp-json\/wp\/v2\/types\/post"}],"author":[{"embeddable":true,"href":"https:\/\/linitiative.ca\/International\/wp-json\/wp\/v2\/users\/1763"}],"replies":[{"embeddable":true,"href":"https:\/\/linitiative.ca\/International\/wp-json\/wp\/v2\/comments?post=154151"}],"version-history":[{"count":0,"href":"https:\/\/linitiative.ca\/International\/wp-json\/wp\/v2\/posts\/154151\/revisions"}],"wp:attachment":[{"href":"https:\/\/linitiative.ca\/International\/wp-json\/wp\/v2\/media?parent=154151"}],"wp:term":[{"taxonomy":"category","embeddable":true,"href":"https:\/\/linitiative.ca\/International\/wp-json\/wp\/v2\/categories?post=154151"},{"taxonomy":"post_tag","embeddable":true,"href":"https:\/\/linitiative.ca\/International\/wp-json\/wp\/v2\/tags?post=154151"}],"curies":[{"name":"wp","href":"https:\/\/api.w.org\/{rel}","templated":true}]}}