{"id":154186,"date":"2022-08-04T10:18:04","date_gmt":"2022-08-04T14:18:04","guid":{"rendered":"https:\/\/linitiative.ca\/International\/amelioration-notable-de-lesperance-de-vie-en-afrique-oms\/"},"modified":"2022-08-04T10:18:04","modified_gmt":"2022-08-04T14:18:04","slug":"amelioration-notable-de-lesperance-de-vie-en-afrique-oms","status":"publish","type":"post","link":"https:\/\/linitiative.ca\/International\/amelioration-notable-de-lesperance-de-vie-en-afrique-oms\/","title":{"rendered":"Am\u00e9lioration notable de l\u2019esp\u00e9rance de vie en Afrique (OMS)"},"content":{"rendered":"<div>\n<p><img decoding=\"async\" width=\"1024\" height=\"576\" src=\"https:\/\/linitiative.ca\/International\/wp-content\/uploads\/sites\/23\/2022\/08\/16596226842427.jpg\" class=\"attachment-post-thumbnail size-post-thumbnail wp-post-image\" alt=\"\" loading=\"lazy\" srcset=\"https:\/\/linitiative.ca\/International\/wp-content\/uploads\/sites\/23\/2022\/08\/16596226842427.jpg 1024w, https:\/\/www.journalducameroun.com\/wp-content\/uploads\/2022\/08\/16596226842427-300x169.jpg 300w, https:\/\/www.journalducameroun.com\/wp-content\/uploads\/2022\/08\/16596226842427-768x432.jpg 768w, https:\/\/www.journalducameroun.com\/wp-content\/uploads\/2022\/08\/16596226842427-780x440.jpg 780w, https:\/\/www.journalducameroun.com\/wp-content\/uploads\/2022\/08\/16596226842427-380x215.jpg 380w, https:\/\/www.journalducameroun.com\/wp-content\/uploads\/2022\/08\/16596226842427-160x90.jpg 160w, https:\/\/www.journalducameroun.com\/wp-content\/uploads\/2022\/08\/16596226842427-240x135.jpg 240w, https:\/\/www.journalducameroun.com\/wp-content\/uploads\/2022\/08\/16596226842427-782x440.jpg 782w, https:\/\/www.journalducameroun.com\/wp-content\/uploads\/2022\/08\/16596226842427-600x338.jpg 600w\" sizes=\"auto, (max-width: 1024px) 100vw, 1024px\"><\/p>\n<p>L&rsquo;esp\u00e9rance de vie en bonne sant\u00e9 dans la r\u00e9gion africaine a augment\u00e9 en moyenne de 10 ans par personne entre 2000 et 2019, selon une \u00e9valuation de l&rsquo;Organisation mondiale de la sant\u00e9 (OMS).Cette hausse est plus importante que dans toute autre r\u00e9gion du monde au cours de la m\u00eame p\u00e9riode.\u00a0Le rapport note \u00e9galement que l&rsquo;impact perturbateur de la pand\u00e9mie de Covid-19 pourrait menacer ces \u00e9normes gains.<\/p>\n<p>Le rapport Tracking Universal Health Coverage in the WHO African Region 2022 montre que l&rsquo;esp\u00e9rance de vie en bonne sant\u00e9 &#8211; ou le nombre d&rsquo;ann\u00e9es pendant lesquelles un individu est en bonne sant\u00e9 &#8211; a augment\u00e9 pour atteindre 56 ans en 2019, contre 46 en 2000. Bien qu&rsquo;elle soit encore bien inf\u00e9rieure \u00e0 la moyenne mondiale de 64 ans, sur la m\u00eame p\u00e9riode, l&rsquo;esp\u00e9rance de vie en bonne sant\u00e9 mondiale n&rsquo;a augment\u00e9 que de cinq ans.<\/p>\n<p>L&rsquo;am\u00e9lioration de la prestation des services de sant\u00e9 essentiels, les progr\u00e8s en mati\u00e8re de sant\u00e9 reproductive, maternelle, n\u00e9onatale et infantile, ainsi que les avanc\u00e9es dans la lutte contre les maladies infectieuses &#8211; gr\u00e2ce \u00e0 l&rsquo;intensification rapide des mesures de lutte contre le VIH, la tuberculose et le paludisme \u00e0 partir de 2005 &#8211; ont contribu\u00e9 \u00e0 prolonger l&rsquo;esp\u00e9rance de vie en bonne sant\u00e9.<\/p>\n<p>En moyenne, la couverture des services de sant\u00e9 essentiels s&rsquo;est am\u00e9lior\u00e9e pour atteindre 46% en 2019, contre 24% en 2000.<\/p>\n<p>Les r\u00e9sultats les plus importants ont \u00e9t\u00e9 obtenus dans la pr\u00e9vention et le traitement des maladies infectieuses, mais ils ont \u00e9t\u00e9 contrebalanc\u00e9s par l&rsquo;augmentation spectaculaire de l&rsquo;hypertension, du diab\u00e8te et d&rsquo;autres maladies non transmissibles, ainsi que par le manque de services de sant\u00e9 ciblant ces maladies.<\/p>\n<p>\u00ab La forte augmentation de l&rsquo;esp\u00e9rance de vie en bonne sant\u00e9 au cours des deux derni\u00e8res d\u00e9cennies t\u00e9moigne de la volont\u00e9 de la r\u00e9gion d&rsquo;am\u00e9liorer la sant\u00e9 et le bien-\u00eatre de la population. Cela signifie essentiellement que davantage de personnes vivent en meilleure sant\u00e9, plus longtemps, avec moins de menaces de maladies infectieuses et un meilleur acc\u00e8s aux services de soins et de pr\u00e9vention des maladies \u00bb, a d\u00e9clar\u00e9 le Dr Matshidiso Moeti, Directrice r\u00e9gionale de l&rsquo;OMS pour l&rsquo;Afrique.<\/p>\n<p>\u00ab Mais les progr\u00e8s ne doivent pas s&rsquo;arr\u00eater. Si les pays ne renforcent pas les mesures contre la menace du cancer et d&rsquo;autres maladies non transmissibles, les acquis sanitaires pourraient \u00eatre remis en cause \u00bb.<\/p>\n<p>Les progr\u00e8s en mati\u00e8re d&rsquo;esp\u00e9rance de vie en bonne sant\u00e9 pourraient \u00e9galement \u00eatre compromis par l&rsquo;impact de la pand\u00e9mie de Covid-19, \u00e0 moins que des plans de rattrapage solides ne soient mis en place. En moyenne, les pays africains ont signal\u00e9 des perturbations plus importantes des services essentiels que les autres r\u00e9gions. Plus de 90% des 36 pays ayant r\u00e9pondu \u00e0 une enqu\u00eate de l&rsquo;OMS en 2021 ont signal\u00e9 une ou plusieurs perturbations des services de sant\u00e9 essentiels, les services de vaccination, de lutte contre les maladies tropicales n\u00e9glig\u00e9es (MTN) et de nutrition \u00e9tant les plus touch\u00e9s.<\/p>\n<p>Des efforts ont \u00e9t\u00e9 d\u00e9ploy\u00e9s pour r\u00e9tablir les services essentiels touch\u00e9s par la pand\u00e9mie. Cependant, pour am\u00e9liorer les services de sant\u00e9 et s&rsquo;assurer qu&rsquo;ils sont ad\u00e9quats, de bonne qualit\u00e9 et accessibles \u00e0 tous, il est crucial que les gouvernements augmentent le financement de la sant\u00e9 publique. La plupart des gouvernements africains financent moins de 50% de leur budget national de sant\u00e9, ce qui entra\u00eene d&rsquo;importants d\u00e9ficits de financement. Seuls l&rsquo;Alg\u00e9rie, le Botswana, le Cap Vert, l&rsquo;Eswatini, le Gabon, les Seychelles et l&rsquo;Afrique du Sud consacrent plus de 50% de leurs budgets nationaux de sant\u00e9.<\/p>\n<p>\u00ab La pand\u00e9mie de Covid-19 a montr\u00e9 combien investir dans la sant\u00e9 est essentiel pour la s\u00e9curit\u00e9 d&rsquo;un pays. Plus l&rsquo;Afrique sera en mesure de faire face aux pand\u00e9mies et autres menaces sanitaires, plus nos populations et nos \u00e9conomies pourront prosp\u00e9rer. J&rsquo;exhorte les gouvernements \u00e0 investir dans la sant\u00e9 et \u00e0 se pr\u00e9parer \u00e0 affronter de front le prochain agent pathog\u00e8ne qui nous tombera dessus \u00bb, a d\u00e9clar\u00e9 le Dr Moeti.<\/p>\n<p>L&rsquo;une des mesures cl\u00e9s pour am\u00e9liorer l&rsquo;acc\u00e8s aux services de sant\u00e9 consiste pour les gouvernements \u00e0 r\u00e9duire les d\u00e9penses catastrophiques des m\u00e9nages. Les d\u00e9penses de sant\u00e9 sont consid\u00e9r\u00e9es comme non catastrophiques lorsque les familles consacrent moins de 10% de leurs revenus aux d\u00e9penses de sant\u00e9, quel que soit leur niveau de pauvret\u00e9. Au cours des 20 derni\u00e8res ann\u00e9es, les d\u00e9penses \u00e0 la charge des m\u00e9nages ont stagn\u00e9 ou augment\u00e9 dans 15 pays.<\/p>\n<p>Le rapport de l&rsquo;OMS a \u00e9galement analys\u00e9 les diff\u00e9rences d&rsquo;esp\u00e9rance de vie en bonne sant\u00e9 et de couverture des services de sant\u00e9 en fonction du niveau de revenu des pays et de leur situation g\u00e9ographique. Les pays \u00e0 revenu interm\u00e9diaire sup\u00e9rieur et \u00e9lev\u00e9 ont tendance \u00e0 avoir une meilleure couverture des services de sant\u00e9 et une plus grande esp\u00e9rance de vie en bonne sant\u00e9 \u00e0 la naissance que les pays \u00e0 faible revenu, avec environ 10 ann\u00e9es suppl\u00e9mentaires d&rsquo;esp\u00e9rance de vie en bonne sant\u00e9.<\/p>\n<p>Le rapport recommande aux pays d&rsquo;acc\u00e9l\u00e9rer les efforts pour am\u00e9liorer la protection contre les risques financiers, de repenser et de redynamiser la prestation des services de sant\u00e9 en mettant l&rsquo;accent sur l&rsquo;int\u00e9gration des services de sant\u00e9 non transmissibles dans les services de sant\u00e9 essentiels, en impliquant les communaut\u00e9s et en faisant appel au secteur priv\u00e9. Il est \u00e9galement recommand\u00e9 de mettre en place des syst\u00e8mes de suivi des syst\u00e8mes infranationaux afin que les pays soient mieux \u00e0 m\u00eame de d\u00e9tecter les signes d&rsquo;alerte pr\u00e9coce concernant les menaces pour la sant\u00e9 et les d\u00e9faillances des syst\u00e8mes.<\/p>\n<p>Cet article <a rel=\"nofollow\" href=\"https:\/\/www.journalducameroun.com\/amelioration-notable-de-lesperance-de-vie-en-afrique-oms\/\">Am\u00e9lioration notable de l\u2019esp\u00e9rance de vie en Afrique (OMS)<\/a> est apparu en premier sur <a rel=\"nofollow\" href=\"https:\/\/www.journalducameroun.com\/\">Journal du Cameroun<\/a>.<\/p>\n<\/div>\n<p>Auteur: APA News<br \/>\n<a href=\"https:\/\/www.journalducameroun.com\/amelioration-notable-de-lesperance-de-vie-en-afrique-oms\/\">Cliquez ici pour lire l&rsquo;article depuis sa source.<\/a><\/p>\n","protected":false},"excerpt":{"rendered":"<p>L&rsquo;esp\u00e9rance de vie en bonne sant\u00e9 dans la r\u00e9gion africaine a augment\u00e9 en moyenne de 10 ans par personne entre 2000 et 2019, selon une \u00e9valuation de l&rsquo;Organisation mondiale de la sant\u00e9 (OMS).Cette hausse est plus importante que dans toute autre r\u00e9gion du monde au cours de la m\u00eame p\u00e9riode.\u00a0Le rapport note \u00e9galement que l&rsquo;impact [&hellip;]<\/p>\n","protected":false},"author":1965,"featured_media":0,"comment_status":"closed","ping_status":"closed","sticky":false,"template":"","format":"standard","meta":{"fifu_image_url":"https:\/\/www.journalducameroun.com\/wp-content\/uploads\/2022\/08\/16596226842427.jpg","fifu_image_alt":"Am\u00e9lioration notable de l\u2019esp\u00e9rance de vie en Afrique (OMS)","footnotes":""},"categories":[73,82],"tags":[],"class_list":["post-154186","post","type-post","status-publish","format-standard","hentry","category-actualite","category-cameroun"],"_links":{"self":[{"href":"https:\/\/linitiative.ca\/International\/wp-json\/wp\/v2\/posts\/154186","targetHints":{"allow":["GET"]}}],"collection":[{"href":"https:\/\/linitiative.ca\/International\/wp-json\/wp\/v2\/posts"}],"about":[{"href":"https:\/\/linitiative.ca\/International\/wp-json\/wp\/v2\/types\/post"}],"author":[{"embeddable":true,"href":"https:\/\/linitiative.ca\/International\/wp-json\/wp\/v2\/users\/1965"}],"replies":[{"embeddable":true,"href":"https:\/\/linitiative.ca\/International\/wp-json\/wp\/v2\/comments?post=154186"}],"version-history":[{"count":0,"href":"https:\/\/linitiative.ca\/International\/wp-json\/wp\/v2\/posts\/154186\/revisions"}],"wp:attachment":[{"href":"https:\/\/linitiative.ca\/International\/wp-json\/wp\/v2\/media?parent=154186"}],"wp:term":[{"taxonomy":"category","embeddable":true,"href":"https:\/\/linitiative.ca\/International\/wp-json\/wp\/v2\/categories?post=154186"},{"taxonomy":"post_tag","embeddable":true,"href":"https:\/\/linitiative.ca\/International\/wp-json\/wp\/v2\/tags?post=154186"}],"curies":[{"name":"wp","href":"https:\/\/api.w.org\/{rel}","templated":true}]}}