{"id":154188,"date":"2022-08-04T11:18:03","date_gmt":"2022-08-04T15:18:03","guid":{"rendered":"https:\/\/linitiative.ca\/International\/cote-divoire-les-fonds-de-soutien-covid-19-clotures\/"},"modified":"2022-08-04T11:18:03","modified_gmt":"2022-08-04T15:18:03","slug":"cote-divoire-les-fonds-de-soutien-covid-19-clotures","status":"publish","type":"post","link":"https:\/\/linitiative.ca\/International\/cote-divoire-les-fonds-de-soutien-covid-19-clotures\/","title":{"rendered":"C\u00f4te d\u2019Ivoire : les fonds de soutien Covid-19 cl\u00f4tur\u00e9s"},"content":{"rendered":"<div>\n<p><img decoding=\"async\" width=\"720\" height=\"479\" src=\"https:\/\/linitiative.ca\/International\/wp-content\/uploads\/sites\/23\/2022\/08\/16596262848910.jpg\" class=\"attachment-post-thumbnail size-post-thumbnail wp-post-image\" alt=\"\" loading=\"lazy\" srcset=\"https:\/\/linitiative.ca\/International\/wp-content\/uploads\/sites\/23\/2022\/08\/16596262848910.jpg 720w, https:\/\/www.journalducameroun.com\/wp-content\/uploads\/2022\/08\/16596262848910-300x200.jpg 300w, https:\/\/www.journalducameroun.com\/wp-content\/uploads\/2022\/08\/16596262848910-661x440.jpg 661w, https:\/\/www.journalducameroun.com\/wp-content\/uploads\/2022\/08\/16596262848910-600x399.jpg 600w\" sizes=\"auto, (max-width: 720px) 100vw, 720px\"><\/p>\n<p>Les fonds ont \u00e9t\u00e9 mis en place pour att\u00e9nuer les effets socio-\u00e9conomiques de la pand\u00e9mie du nouveau coronavirus.Le gouvernement ivoirien a d\u00e9cid\u00e9 de cl\u00f4turer les quatre fonds Covid-19, autorisant jusqu&rsquo;au 31 ao\u00fbt 2022 le traitement des dossiers en instance. La d\u00e9cision a \u00e9t\u00e9 prise, mercredi 3 ao\u00fbt 2022, par le Conseil des ministres, pr\u00e9cisant que les modalit\u00e9s de dissolution desdits fonds seront d\u00e9finies ult\u00e9rieurement par ordonnance.<\/p>\n<p>Suite \u00e0 la mise en place des quatre fonds de soutien Covid-19, ils ont \u00e9t\u00e9 approvisionn\u00e9s \u00e0 hauteur de 220,5 milliards Fcfa. Mais seulement 168,38 milliards Fcfa ont \u00e9t\u00e9 d\u00e9caiss\u00e9s, soit un taux de d\u00e9caissement de 76,2%.<\/p>\n<p>De janvier \u00e0 juin 2022, les quatre fonds Covid-19 ont r\u00e9alis\u00e9 des op\u00e9rations d&rsquo;un montant de 10,65 milliards Fcfa portant \u00e0 168,38 milliards Fcfa le montant total des d\u00e9caissements de ces fonds depuis leur mise en place.<\/p>\n<p>Pour le Fonds de soutien aux grandes entreprises (FSGE), au 1er semestre 2022, sept entreprises ont b\u00e9n\u00e9fici\u00e9 de 1,7 milliard Fcfa. Depuis sa mise en place, ce fonds a soutenu 138 entreprises pour un montant total de 32,26 milliards Fcfa.<\/p>\n<p>Concernant le Fonds de soutien aux PME (FSPME), du 1er janvier au 30 juin 2022, 30 PME ont \u00e9t\u00e9 soutenues \u00e0 hauteur de 877,35 millions Fcfa. Ces op\u00e9rations portent \u00e0 889 PME b\u00e9n\u00e9ficiaires pour un montant total de 44,4 milliards Fcfa.<\/p>\n<p>Pour ce qui est du Fonds d&rsquo;appui au secteur informel (FASI), ce sont 429,25 millions de Fcfa de subventions qui ont \u00e9t\u00e9 accord\u00e9es \u00e0 1717 acteurs du secteur informel, portant le nombre total de b\u00e9n\u00e9ficiaires \u00e0 139.641 pour un montant total de 34,4 milliards Fcfa.<\/p>\n<p>Quant au Fonds sp\u00e9cial de solidarit\u00e9 et de soutien Covid-19, au cours de ce premier semestre 2022, ce sont 7,5 milliards de Fcfa de transferts mon\u00e9taires qui ont \u00e9t\u00e9 effectu\u00e9s au profit de 108.875 m\u00e9nages vuln\u00e9rables.<\/p>\n<p>Depuis sa mise en place, le FSS Covid-19 a d\u00e9caiss\u00e9 56,2 milliards Fcfa au profit de 431.930 m\u00e9nages vuln\u00e9rables, de 20.808 travailleurs mis en ch\u00f4mage du fait de la Covid-19 et de 152.749 m\u00e9nages abonn\u00e9s au tarifs social d&rsquo;\u00e9lectricit\u00e9 et 472.972 abonn\u00e9s au tarif social de la Soci\u00e9t\u00e9 de distribution d&rsquo;eau de C\u00f4te d&rsquo;Ivoire (Sodeci).<\/p>\n<p>Selon l&rsquo;\u00e9tat d&rsquo;ex\u00e9cution des fonds Covid-19, \u00ab \u00e0 ce jour, la grande majorit\u00e9 des entreprises nationales se sont r\u00e9ajust\u00e9es et ins\u00e9r\u00e9es dans la dynamique de la reprise \u00e9conomique \u00bb. En outre, ils ont contribu\u00e9 \u00e0 contenir les perturbations engendr\u00e9es par la crise sanitaire de Covid-19.<\/p>\n<p>Cet article <a rel=\"nofollow\" href=\"https:\/\/www.journalducameroun.com\/cote-divoire-les-fonds-de-soutien-covid-19-clotures\/\">C\u00f4te d\u2019Ivoire : les fonds de soutien Covid-19 cl\u00f4tur\u00e9s<\/a> est apparu en premier sur <a rel=\"nofollow\" href=\"https:\/\/www.journalducameroun.com\/\">Journal du Cameroun<\/a>.<\/p>\n<\/div>\n<p>Auteur: APA News<br \/>\n<a href=\"https:\/\/www.journalducameroun.com\/cote-divoire-les-fonds-de-soutien-covid-19-clotures\/\">Cliquez ici pour lire l&rsquo;article depuis sa source.<\/a><\/p>\n","protected":false},"excerpt":{"rendered":"<p>Les fonds ont \u00e9t\u00e9 mis en place pour att\u00e9nuer les effets socio-\u00e9conomiques de la pand\u00e9mie du nouveau coronavirus.Le gouvernement ivoirien a d\u00e9cid\u00e9 de cl\u00f4turer les quatre fonds Covid-19, autorisant jusqu&rsquo;au 31 ao\u00fbt 2022 le traitement des dossiers en instance. La d\u00e9cision a \u00e9t\u00e9 prise, mercredi 3 ao\u00fbt 2022, par le Conseil des ministres, pr\u00e9cisant que [&hellip;]<\/p>\n","protected":false},"author":1965,"featured_media":0,"comment_status":"closed","ping_status":"closed","sticky":false,"template":"","format":"standard","meta":{"fifu_image_url":"https:\/\/www.journalducameroun.com\/wp-content\/uploads\/2022\/08\/16596262848910.jpg","fifu_image_alt":"C\u00f4te d\u2019Ivoire : les fonds de soutien Covid-19 cl\u00f4tur\u00e9s","footnotes":""},"categories":[73,82],"tags":[],"class_list":["post-154188","post","type-post","status-publish","format-standard","hentry","category-actualite","category-cameroun"],"_links":{"self":[{"href":"https:\/\/linitiative.ca\/International\/wp-json\/wp\/v2\/posts\/154188","targetHints":{"allow":["GET"]}}],"collection":[{"href":"https:\/\/linitiative.ca\/International\/wp-json\/wp\/v2\/posts"}],"about":[{"href":"https:\/\/linitiative.ca\/International\/wp-json\/wp\/v2\/types\/post"}],"author":[{"embeddable":true,"href":"https:\/\/linitiative.ca\/International\/wp-json\/wp\/v2\/users\/1965"}],"replies":[{"embeddable":true,"href":"https:\/\/linitiative.ca\/International\/wp-json\/wp\/v2\/comments?post=154188"}],"version-history":[{"count":0,"href":"https:\/\/linitiative.ca\/International\/wp-json\/wp\/v2\/posts\/154188\/revisions"}],"wp:attachment":[{"href":"https:\/\/linitiative.ca\/International\/wp-json\/wp\/v2\/media?parent=154188"}],"wp:term":[{"taxonomy":"category","embeddable":true,"href":"https:\/\/linitiative.ca\/International\/wp-json\/wp\/v2\/categories?post=154188"},{"taxonomy":"post_tag","embeddable":true,"href":"https:\/\/linitiative.ca\/International\/wp-json\/wp\/v2\/tags?post=154188"}],"curies":[{"name":"wp","href":"https:\/\/api.w.org\/{rel}","templated":true}]}}