{"id":154190,"date":"2022-08-04T11:18:04","date_gmt":"2022-08-04T15:18:04","guid":{"rendered":"https:\/\/linitiative.ca\/International\/etat-civil-la-cote-divoire-redynamise-ses-centres-denrolement\/"},"modified":"2022-08-04T11:18:04","modified_gmt":"2022-08-04T15:18:04","slug":"etat-civil-la-cote-divoire-redynamise-ses-centres-denrolement","status":"publish","type":"post","link":"https:\/\/linitiative.ca\/International\/etat-civil-la-cote-divoire-redynamise-ses-centres-denrolement\/","title":{"rendered":"Etat civil : la C\u00f4te d\u2019Ivoire redynamise ses centres d\u2019enr\u00f4lement"},"content":{"rendered":"<div>\n<p><img decoding=\"async\" width=\"720\" height=\"540\" src=\"https:\/\/linitiative.ca\/International\/wp-content\/uploads\/sites\/23\/2022\/08\/16596262841752.jpg\" class=\"attachment-post-thumbnail size-post-thumbnail wp-post-image\" alt=\"\" loading=\"lazy\" srcset=\"https:\/\/linitiative.ca\/International\/wp-content\/uploads\/sites\/23\/2022\/08\/16596262841752.jpg 720w, https:\/\/www.journalducameroun.com\/wp-content\/uploads\/2022\/08\/16596262841752-300x225.jpg 300w, https:\/\/www.journalducameroun.com\/wp-content\/uploads\/2022\/08\/16596262841752-587x440.jpg 587w, https:\/\/www.journalducameroun.com\/wp-content\/uploads\/2022\/08\/16596262841752-600x450.jpg 600w\" sizes=\"auto, (max-width: 720px) 100vw, 720px\"><\/p>\n<p>Seuls cinq millions de personnes ont \u00e9t\u00e9 enr\u00f4l\u00e9es dans les centres d&rsquo;\u00e9tat civil sur un objectif de onze millions.L&rsquo;Office national de l&rsquo;\u00e9tat civil et de l&rsquo;identification (Oneci) de C\u00f4te d&rsquo;Ivoire a mis en place un \u00ab nouveau cadre de collaboration \u00bb avec les prestataires car, les contrats des agents d&rsquo;enr\u00f4lement temporaires est arriv\u00e9 \u00e0 expiration le 31 juillet 2022. Ces derniers ont \u00e9t\u00e9 recrut\u00e9s pour six mois \u00e0 l&rsquo;approche de la date butoir du 31 mars dernier, date d&rsquo;expiration des Cartes nationales d&rsquo;identit\u00e9 (CNI) de 2009, pour faire face \u00e0 l&rsquo;affluence dans les centres.<\/p>\n<p>Le directeur autonome des ressources humaines et des affaires juridiques de l&rsquo;Oneci, Lossonzana Coulibaly annonce, dans un communiqu\u00e9 re\u00e7u \u00e0 APA, qu&rsquo;\u00ab \u00e0 la faveur de la redynamisation des activit\u00e9s d&rsquo;enr\u00f4lement, des dispositions sont prises par la direction g\u00e9n\u00e9rale afin d&rsquo;\u00e9tablir un nouveau cadre de collaboration \u00bb.<\/p>\n<p>La direction g\u00e9n\u00e9rale de l&rsquo;Oneci qui a d\u00e9cid\u00e9 de maintenir les centres d&rsquo;enr\u00f4lement sur toute l&rsquo;\u00e9tendue du territoire, a \u00e9tabli de nouvelles dispositions qui ont trait \u00e0 la r\u00e9mun\u00e9ration des prestataires.<\/p>\n<p>La r\u00e9mun\u00e9ration des prestataires est constitu\u00e9e par une r\u00e9mun\u00e9ration fixe correspondant au salaire interprofessionnel garanti (SMIG) et une autre qui est variable adoss\u00e9e \u00e0 la performance des prestataires dans les centres.<\/p>\n<p>L&rsquo;affluence exceptionnelle dans les centres \u00e9tant ma\u00eetris\u00e9e et le rythme op\u00e9rationnel stabilis\u00e9, l&rsquo;Oneci a entrepris d&rsquo;ajuster sa strat\u00e9gie en fonction de nouveaux crit\u00e8res de performance.<\/p>\n<p>Pour \u00e9viter que les agents d&rsquo;enr\u00f4lement ne se retrouvent au ch\u00f4mage, l&rsquo;Oneci a d\u00e9cid\u00e9 de leur proposer un nouveau contrat, avec une r\u00e9mun\u00e9ration compos\u00e9e d&rsquo;une part fixe et d&rsquo;une part variable align\u00e9e sur des objectifs de performances (100 frs\/enr\u00f4lement et 50 frs\/distribution).<\/p>\n<p>Cet article <a rel=\"nofollow\" href=\"https:\/\/www.journalducameroun.com\/etat-civil-la-cote-divoire-redynamise-ses-centres-denrolement\/\">Etat civil : la C\u00f4te d\u2019Ivoire redynamise ses centres d\u2019enr\u00f4lement<\/a> est apparu en premier sur <a rel=\"nofollow\" href=\"https:\/\/www.journalducameroun.com\/\">Journal du Cameroun<\/a>.<\/p>\n<\/div>\n<p>Auteur: APA News<br \/>\n<a href=\"https:\/\/www.journalducameroun.com\/etat-civil-la-cote-divoire-redynamise-ses-centres-denrolement\/\">Cliquez ici pour lire l&rsquo;article depuis sa source.<\/a><\/p>\n","protected":false},"excerpt":{"rendered":"<p>Seuls cinq millions de personnes ont \u00e9t\u00e9 enr\u00f4l\u00e9es dans les centres d&rsquo;\u00e9tat civil sur un objectif de onze millions.L&rsquo;Office national de l&rsquo;\u00e9tat civil et de l&rsquo;identification (Oneci) de C\u00f4te d&rsquo;Ivoire a mis en place un \u00ab nouveau cadre de collaboration \u00bb avec les prestataires car, les contrats des agents d&rsquo;enr\u00f4lement temporaires est arriv\u00e9 \u00e0 expiration [&hellip;]<\/p>\n","protected":false},"author":1965,"featured_media":0,"comment_status":"closed","ping_status":"closed","sticky":false,"template":"","format":"standard","meta":{"fifu_image_url":"https:\/\/www.journalducameroun.com\/wp-content\/uploads\/2022\/08\/16596262841752.jpg","fifu_image_alt":"Etat civil : la C\u00f4te d\u2019Ivoire redynamise ses centres d\u2019enr\u00f4lement","footnotes":""},"categories":[73,82],"tags":[],"class_list":["post-154190","post","type-post","status-publish","format-standard","hentry","category-actualite","category-cameroun"],"_links":{"self":[{"href":"https:\/\/linitiative.ca\/International\/wp-json\/wp\/v2\/posts\/154190","targetHints":{"allow":["GET"]}}],"collection":[{"href":"https:\/\/linitiative.ca\/International\/wp-json\/wp\/v2\/posts"}],"about":[{"href":"https:\/\/linitiative.ca\/International\/wp-json\/wp\/v2\/types\/post"}],"author":[{"embeddable":true,"href":"https:\/\/linitiative.ca\/International\/wp-json\/wp\/v2\/users\/1965"}],"replies":[{"embeddable":true,"href":"https:\/\/linitiative.ca\/International\/wp-json\/wp\/v2\/comments?post=154190"}],"version-history":[{"count":0,"href":"https:\/\/linitiative.ca\/International\/wp-json\/wp\/v2\/posts\/154190\/revisions"}],"wp:attachment":[{"href":"https:\/\/linitiative.ca\/International\/wp-json\/wp\/v2\/media?parent=154190"}],"wp:term":[{"taxonomy":"category","embeddable":true,"href":"https:\/\/linitiative.ca\/International\/wp-json\/wp\/v2\/categories?post=154190"},{"taxonomy":"post_tag","embeddable":true,"href":"https:\/\/linitiative.ca\/International\/wp-json\/wp\/v2\/tags?post=154190"}],"curies":[{"name":"wp","href":"https:\/\/api.w.org\/{rel}","templated":true}]}}